{"id":15371,"date":"2021-12-06T15:44:00","date_gmt":"2021-12-06T12:44:00","guid":{"rendered":"https:\/\/www.ircica.org\/activites\/conference-on-the-golden-jubilee-of-the-independence-of-bangladesh-and-the-birth-centenary-of-the-father-of-the-bangladesh-nation-bangabandhu-sheikh-mujibur-rahman-highlights-of-bangladeshs-international-relations"},"modified":"2022-01-21T12:21:39","modified_gmt":"2022-01-21T09:21:39","slug":"conference-sur-le-jubile-dor-de-lindependance-du-bangladesh-et-le-centenaire-de-la-naissance-du-pere-de-la-nation-bangladaise-bangabandhu-cheikh-mujibur-rahman-un-apercu-des-relations-internationales-du-bangladesh","status":"publish","type":"post","link":"https:\/\/www.ircica.org\/fr\/activites\/conferences\/conference-sur-le-jubile-dor-de-lindependance-du-bangladesh-et-le-centenaire-de-la-naissance-du-pere-de-la-nation-bangladaise-bangabandhu-cheikh-mujibur-rahman-un-apercu-des-relations-internationales-du-bangladesh","title":{"rendered":"Conf\u00e9rence sur le Jubil\u00e9 d&rsquo;or de l&rsquo;ind\u00e9pendance du Bangladesh et le Centenaire de la naissance du P\u00e8re de la nation bangladaise Bangabandhu Cheikh Mujibur Rahman : un aper\u00e7u des relations internationales du Bangladesh"},"content":{"rendered":"<p><span style=\"font-weight: 400;\">L\u2019Ambassade de la R\u00e9publique Populaire du Bangladesh \u00e0 Ankara et la Pr\u00e9sidence de l\u2019Universit\u00e9 d\u2019Istanbul ont organis\u00e9 conjointement <\/span><span style=\"font-weight: 400;\">un programme pour comm\u00e9morer le Jubil\u00e9 d&rsquo;or de l&rsquo;ind\u00e9pendance du Bangladesh et le centenaire de la naissance du P\u00e8re de la nation bangladaise Bangabandhu Cheikh Mujibur Rahman, le 6 d\u00e9cembre 2021. Le programme consistait en une conf\u00e9rence sur \u00ab\u00a0Les relations sociales, culturelles et historiques entre le Bangladesh et Turquie \u00bb et une exposition de photographies intitul\u00e9e \u00ab <\/span><span style=\"font-weight: 400;\">Bangabandhu et le Bangladesh <\/span><span style=\"font-weight: 400;\">\u00bb. Un film documentaire sur la vie et les travaux du C<\/span><span style=\"font-weight: 400;\">heikh Mujibur Rahman, pr\u00e9par\u00e9 par le r\u00e9alisateur bangladais Shakil Reja Efty, a \u00e9galement \u00e9t\u00e9 pr\u00e9sent\u00e9.<\/span><\/p>\n<p><span style=\"font-weight: 400;\">Accueilli par le Prof. Dr. Mahmut Ak, Pr\u00e9sident de l\u2019Universit\u00e9 d\u2019Istanbul, le programme s\u2019est d\u00e9roul\u00e9 en pr\u00e9sence des responsables suivants : Mme. Sultana Afroz, Secr\u00e9taire aupr\u00e8s du Gouvernement du Bangladesh, l\u2019Ambassadeur Mosud Mannan, Ambassadeur du Bangladesh \u00e0 Ankara ; M. Mohammad Monirul Islam, Consul G\u00e9n\u00e9ral du Bangladesh \u00e0 Istanbul, du c\u00f4t\u00e9 bangladais et Mme. \u00d6zlem Bozkurt Gevrek, Gouverneur adjoint d\u2019Istanbul, du c\u00f4t\u00e9 turc. L<\/span><span style=\"font-weight: 400;\">&lsquo;\u00e9v\u00e9nement a r\u00e9uni les Chefs des Missions diplomatiques et consulaires, les Pr\u00e9sidents des universit\u00e9s, les chefs et repr\u00e9sentants de conseils commerciaux et de gestion d&rsquo;entreprises. Le Directeur G\u00e9n\u00e9ral de l&rsquo;IRCICA, Prof. Dr. Mahmud Erol K\u0131l\u0131\u00e7, \u00e9tait invit\u00e9 \u00e0 l&rsquo;\u00e9v\u00e9nement et a \u00e9galement prononc\u00e9 une allocution lors de l&rsquo;ouverture de la conf\u00e9rence.<\/span><\/p>\n<p>Mosud Mannan, Ambassadeur du Bangladesh \u00e0 Ankara, a parl\u00e9 des r\u00e9alisations et de la lutte politique du \u00ab P\u00e8re de la nation bangladaise \u00bb Cheikh Mujibur Rahman. Puis, le Consul G\u00e9n\u00e9ral du Bangladesh \u00e0 Istanbul M. Mohammad Monirul Islam a \u00e9voqu\u00e9 le d\u00e9veloppement des relations commerciales et de la coop\u00e9ration entre le Bangladesh et la Turquie. D&rsquo;autres invit\u00e9s ont \u00e9valu\u00e9 les r\u00e9alisations r\u00e9alis\u00e9es dans divers secteurs des relations internationales commerciales et industrielles du Bangladesh.<\/p>\n<p><span style=\"font-weight: 400;\">Dans son allocution prononc\u00e9e \u00e0 l\u2019ouverture de la conf\u00e9rence, l\u2019Ambassadeur Prof. Dr. Mahmud Erol K\u0131l\u0131\u00e7, Directeur G\u00e9n\u00e9ral de l\u2019IRCICA, a indiqu\u00e9 que le cadre multilat\u00e9ral constitu\u00e9 par l\u2019OCI et son organe culturel, l\u2019IRCICA, contribue \u00e0 faciliter les relations culturelles entre le Bangladesh et les autres \u00c9tats membres de l\u2019OCI \u00e0 travers leur pr\u00e9sence dans les travaux de l\u2019IRCICA. Le Directeur G\u00e9n\u00e9ral a soulign\u00e9 la participation active du Bangladesh aux diverses activit\u00e9s de l\u2019OCI et donn\u00e9 des exemples de sa coop\u00e9ration acad\u00e9mique et culturelle avec l\u2019IRCICA en particulier. Il a cit\u00e9 \u00e0 cet effet\u00a0:\u00a0 le symposium sur \u00ab\u00a0La Civilisation islamique en Asie du sud\u00a0\u00bb organis\u00e9 par le Minist\u00e8re des Affaires \u00e9trang\u00e8res du Bangladesh en association avec l\u2019Universit\u00e9 de Dhaka et l\u2019IRCICA en 2008; la \u00ab\u00a0Chaire de l\u2019IRCICA pour les \u00e9tudes sur la Civilisation islamique\u00a0\u00bb \u00e9tablie au sein du D\u00e9partement d\u2019Histoire et de culture islamique\u00a0\u00bb de la m\u00eame universit\u00e9 en 2018; la session sur l\u2019histoire des waqfs islamiques au Bangladesh comprise dans la conf\u00e9rence sur \u00ab\u00a0L\u2019Histoire et la gouvernance des awqaf en Asie du sud et du sud-est\u00a0\u00bb co-organis\u00e9e par l\u2019Universit\u00e9 internationale islamique de Malaisie affili\u00e9e \u00e0 l\u2019OCI et l\u2019IRCICA en 2018, entre autres. D\u2019autres conf\u00e9rences sont en cours de pr\u00e9paration dans le cadre de la Chaire de l\u2019IRCICA \u00e0 l\u2019Universit\u00e9 de Dhaka.\u00a0 Le Directeur G\u00e9n\u00e9ral a ajout\u00e9 que la Biblioth\u00e8que de l\u2019IRCICA poss\u00e8de une riche collection de livres et d\u2019articles sur les arts, l\u2019architecture, les langues et la litt\u00e9rature du Bangladesh. <\/span><\/p>\n","protected":false},"excerpt":{"rendered":"<p>L\u2019Ambassade de la R\u00e9publique Populaire du Bangladesh \u00e0 Ankara et la Pr\u00e9sidence de l\u2019Universit\u00e9 d\u2019Istanbul ont organis\u00e9 conjointement un programme pour comm\u00e9morer le Jubil\u00e9 d&rsquo;or de l&rsquo;ind\u00e9pendance du Bangladesh et&hellip;<\/p>\n","protected":false},"author":28,"featured_media":10569,"comment_status":"closed","ping_status":"closed","sticky":false,"template":"","format":"standard","meta":{"_acf_changed":false,"_mi_skip_tracking":false,"footnotes":""},"categories":[233],"tags":[],"cmcal_calendar":[],"class_list":["post-15371","post","type-post","status-publish","format-standard","has-post-thumbnail","hentry","category-conferences"],"acf":[],"aioseo_notices":[],"_links":{"self":[{"href":"https:\/\/www.ircica.org\/fr\/wp-json\/wp\/v2\/posts\/15371","targetHints":{"allow":["GET"]}}],"collection":[{"href":"https:\/\/www.ircica.org\/fr\/wp-json\/wp\/v2\/posts"}],"about":[{"href":"https:\/\/www.ircica.org\/fr\/wp-json\/wp\/v2\/types\/post"}],"author":[{"embeddable":true,"href":"https:\/\/www.ircica.org\/fr\/wp-json\/wp\/v2\/users\/28"}],"replies":[{"embeddable":true,"href":"https:\/\/www.ircica.org\/fr\/wp-json\/wp\/v2\/comments?post=15371"}],"version-history":[{"count":0,"href":"https:\/\/www.ircica.org\/fr\/wp-json\/wp\/v2\/posts\/15371\/revisions"}],"wp:featuredmedia":[{"embeddable":true,"href":"https:\/\/www.ircica.org\/fr\/wp-json\/wp\/v2\/media\/10569"}],"wp:attachment":[{"href":"https:\/\/www.ircica.org\/fr\/wp-json\/wp\/v2\/media?parent=15371"}],"wp:term":[{"taxonomy":"category","embeddable":true,"href":"https:\/\/www.ircica.org\/fr\/wp-json\/wp\/v2\/categories?post=15371"},{"taxonomy":"post_tag","embeddable":true,"href":"https:\/\/www.ircica.org\/fr\/wp-json\/wp\/v2\/tags?post=15371"},{"taxonomy":"cmcal_calendar","embeddable":true,"href":"https:\/\/www.ircica.org\/fr\/wp-json\/wp\/v2\/cmcal_calendar?post=15371"}],"curies":[{"name":"wp","href":"https:\/\/api.w.org\/{rel}","templated":true}]}}