{"id":16619,"date":"2021-10-13T16:47:46","date_gmt":"2021-10-13T13:47:46","guid":{"rendered":"https:\/\/www.ircica.org\/activites\/protocole-de-cooperation-entre-linstitut-de-philosophie-de-science-politique-et-detudes-religieuses-ministere-de-leducation-et-des-sciences-almaty-kazakhstan-et-lircica"},"modified":"2022-03-03T11:32:15","modified_gmt":"2022-03-03T08:32:15","slug":"protocole-de-cooperation-entre-linstitut-de-philosophie-de-science-politique-et-detudes-religieuses-ministere-de-leducation-et-des-sciences-almaty-kazakhstan-et-lircica","status":"publish","type":"post","link":"https:\/\/www.ircica.org\/fr\/activites\/cooperation\/protocole-de-cooperation-entre-linstitut-de-philosophie-de-science-politique-et-detudes-religieuses-ministere-de-leducation-et-des-sciences-almaty-kazakhstan-et-lircica","title":{"rendered":"Protocole de coop\u00e9ration entre l\u2019Institut de Philosophie, de Science politique et d\u2019\u00c9tudes religieuses, Minist\u00e8re de l\u2019\u00c9ducation et des Sciences, Almaty, Kazakhstan, et l\u2019IRCICA"},"content":{"rendered":"<p>Le Directeur G\u00e9n\u00e9ral de l\u2019IRCICA, le Prof. Dr. Mahmud Erol K\u0131l\u0131\u00e7 a re\u00e7u, le 13 octobre 2021, de hauts fonctionnaires de l\u2019Institut de Philosophie, de Science politique et d\u2019\u00c9tudes religieuses relevant du Minist\u00e8re de l\u2019\u00c9ducation et des Sciences (Almaty, Kazakhstan) : Dr. Laura Toktarbekova, Secr\u00e9taire scientifique en chef, et Dr. Madina Bektenova, Chercheur en chef. Le Prof. Dr. Ahirbek Muminov (Kazakhstan), Chef du D\u00e9partement de Recherche et de Publication, IRCICA, \u00e9tait pr\u00e9sent \u00e0 l\u2019entretien. Les parties ont \u00e9chang\u00e9 des vues au sujet de la coop\u00e9ration acad\u00e9mique pouvant se d\u00e9velopper entre l\u2019Institut et l\u2019IRCICA. Un protocole de coop\u00e9ration a \u00e9t\u00e9 pr\u00e9par\u00e9.<\/p>\n","protected":false},"excerpt":{"rendered":"<p>Le Directeur G\u00e9n\u00e9ral de l\u2019IRCICA, le Prof. Dr. Mahmud Erol K\u0131l\u0131\u00e7 a re\u00e7u, le 13 octobre 2021, de hauts fonctionnaires de l\u2019Institut de Philosophie, de Science politique et d\u2019\u00c9tudes religieuses&hellip;<\/p>\n","protected":false},"author":1,"featured_media":9010,"comment_status":"closed","ping_status":"closed","sticky":false,"template":"","format":"standard","meta":{"_acf_changed":false,"_mi_skip_tracking":false,"footnotes":""},"categories":[279],"tags":[],"cmcal_calendar":[],"class_list":["post-16619","post","type-post","status-publish","format-standard","has-post-thumbnail","hentry","category-cooperation"],"acf":[],"aioseo_notices":[],"_links":{"self":[{"href":"https:\/\/www.ircica.org\/fr\/wp-json\/wp\/v2\/posts\/16619","targetHints":{"allow":["GET"]}}],"collection":[{"href":"https:\/\/www.ircica.org\/fr\/wp-json\/wp\/v2\/posts"}],"about":[{"href":"https:\/\/www.ircica.org\/fr\/wp-json\/wp\/v2\/types\/post"}],"author":[{"embeddable":true,"href":"https:\/\/www.ircica.org\/fr\/wp-json\/wp\/v2\/users\/1"}],"replies":[{"embeddable":true,"href":"https:\/\/www.ircica.org\/fr\/wp-json\/wp\/v2\/comments?post=16619"}],"version-history":[{"count":0,"href":"https:\/\/www.ircica.org\/fr\/wp-json\/wp\/v2\/posts\/16619\/revisions"}],"wp:featuredmedia":[{"embeddable":true,"href":"https:\/\/www.ircica.org\/fr\/wp-json\/wp\/v2\/media\/9010"}],"wp:attachment":[{"href":"https:\/\/www.ircica.org\/fr\/wp-json\/wp\/v2\/media?parent=16619"}],"wp:term":[{"taxonomy":"category","embeddable":true,"href":"https:\/\/www.ircica.org\/fr\/wp-json\/wp\/v2\/categories?post=16619"},{"taxonomy":"post_tag","embeddable":true,"href":"https:\/\/www.ircica.org\/fr\/wp-json\/wp\/v2\/tags?post=16619"},{"taxonomy":"cmcal_calendar","embeddable":true,"href":"https:\/\/www.ircica.org\/fr\/wp-json\/wp\/v2\/cmcal_calendar?post=16619"}],"curies":[{"name":"wp","href":"https:\/\/api.w.org\/{rel}","templated":true}]}}