{"id":16625,"date":"2021-10-28T16:50:44","date_gmt":"2021-10-28T13:50:44","guid":{"rendered":"https:\/\/www.ircica.org\/activites\/le-directeur-general-de-lircica-prof-dr-mahmud-erol-kilic-a-participe-au-sommet-dazerbaidjan-dinvestissement-et-de-culture-a-bakou"},"modified":"2022-03-03T12:04:00","modified_gmt":"2022-03-03T09:04:00","slug":"le-directeur-general-de-lircica-prof-dr-mahmud-erol-kilic-a-participe-au-sommet-dazerbaidjan-dinvestissement-et-de-culture-a-bakou","status":"publish","type":"post","link":"https:\/\/www.ircica.org\/fr\/activites\/conferences\/le-directeur-general-de-lircica-prof-dr-mahmud-erol-kilic-a-participe-au-sommet-dazerbaidjan-dinvestissement-et-de-culture-a-bakou","title":{"rendered":"Le Directeur G\u00e9n\u00e9ral de l\u2019IRCICA, Prof. Dr. Mahmud Erol K\u0131l\u0131\u00e7, a particip\u00e9 au Sommet d\u2019Azerba\u00efdjan d\u2019investissement et de culture, \u00e0 Bakou"},"content":{"rendered":"<p>Le Directeur G\u00e9n\u00e9ral de l\u2019IRCICA, l\u2019Ambassadeur Prof. Dr. Mahmud Erol K\u0131l\u0131\u00e7, s\u2019est adress\u00e9 \u00e0 la c\u00e9r\u00e9monie d\u2019ouverture du \u00ab\u00a0Sommet d\u2019Azerba\u00efdjan d\u2019investissement et de culture\u00a0\u00bb organis\u00e9 conjointement par l\u2019Agence de d\u00e9veloppement des petites et moyennes entreprises (SMBDA) de la R\u00e9publique d\u2019Azerba\u00efdjan et le Forum de la Jeunesse de la Coop\u00e9ration islamique (ICYF) affili\u00e9 \u00e0 l\u2019OCI, avec le support des Minist\u00e8res de l\u2019\u00c9conomie et de la Culture de la R\u00e9publique d\u2019Azerba\u00efdjan, les 27 et 28 Octobre 2021, \u00e0 Bakou. Le Prof. Dr. K\u0131l\u0131\u00e7 s\u2019est \u00e9galement adress\u00e9 au panel intitul\u00e9 \u00ab\u00a0Les principaux enjeux sociaux et \u00e9conomiques dans la r\u00e9gion, de la perspective de Nizami Ganjavi\u00a0\u00bb.<\/p>\n<p>Le Sommet \u00e9tait d\u00e9di\u00e9 au 880<sup>\u00e8me<\/sup> anniversaire de Nizami Ganjavi, po\u00e8te et intellectuel renomm\u00e9 de l\u2019Azerba\u00efdjan. Il a servi comme plateforme de d\u00e9bats sur la coop\u00e9ration \u00e9conomique entre les \u00c9tats membres de l\u2019OCI, surtout dans le but de stimuler les investissements dans la r\u00e9gion de Karabakh avec un accent particulier sur la promotion de l\u2019entrepreneuriat chez les jeunes. Le Sommet a rassembl\u00e9 des ministres, des repr\u00e9sentants d\u2019institutions d\u2019\u00e9conomie et de culture gouvernementales et non-gouvernementales, d\u2019organisations internationales, des milieux d\u2019affaires et d\u2019investissements et des associations \u00e9conomiques de la jeunesse, en provenance de 20 pays dans l\u2019ensemble. Les sessions se sont tenues en ligne et en pr\u00e9sentiel.<\/p>\n<p>Les discours de la c\u00e9r\u00e9monie d\u2019ouverture furent prononc\u00e9s par\u00a0: le Ministre de l\u2019\u00c9conomie de l\u2019Azerba\u00efdjan, M. Mikayil Jabbarov ; le Chef du Bureau des finances de la Pr\u00e9sidence de Turquie, M. G\u00f6ksel A\u015fan ; le Ministre de la Jeunesse et des Sports de l\u2019Azerba\u00efdjan, M. Farid Gayibov ; le Chef du Bureau des investissements de la Pr\u00e9sidence de Turquie, M. Burak Da\u011fl\u0131o\u011flu; le Pr\u00e9sident de la Conf\u00e9d\u00e9ration mondiale d\u2019ethnosports, M. Bilal Erdo\u011fan ; le Pr\u00e9sident de la Conf\u00e9d\u00e9ration nationale des organisations d\u2019entrepreneurs de l\u2019Azerba\u00efdjan, M. Mammad Musayev ; le Vice-Ministre de l\u2019Industrie et de la Technologie, M. \u00c7etin Ali D\u00f6nmez ; le Directeur G\u00e9n\u00e9ral de l\u2019IRCICA, le Prof. Dr. Mahmud Erol K\u0131l\u0131\u00e7 ; le Pr\u00e9sident du conseil de gestion de l\u2019Agence SMBDA, M. Orkhan Mammadov ; le Pr\u00e9sident de l\u2019ICYF, M. Taha Ayhan. Suivant ces discours, le Discours principal pr\u00e9enregistr\u00e9 de Tun Dr. Mahathir Mohamad, 4<sup>\u00e8me<\/sup> et 7<sup>\u00e8me<\/sup> Premier Ministre de la Malaisie, a \u00e9t\u00e9 transmis.<\/p>\n<p>Le Directeur G\u00e9n\u00e9ral de l\u2019IRCICA Prof. Dr. K\u0131l\u0131\u00e7 a \u00e9voqu\u00e9, dans son discours, le r\u00f4le que joue l\u2019environnement culturel comme facteur d\u00e9terminant de la coop\u00e9ration internationale en g\u00e9n\u00e9ral et des investissements \u00e9conomiques en particulier. Il a donn\u00e9 un aper\u00e7u de la mission et des activit\u00e9s de l\u2019IRCICA qui entre autres, aident \u00e0 renforcer la sph\u00e8re culturelle de la coop\u00e9ration entre les \u00c9tats membres de l\u2019OCI. Il a cit\u00e9 des exemples de certains \u00e9v\u00e9nements r\u00e9alis\u00e9s par l\u2019IRCICA en coop\u00e9ration avec la R\u00e9publique d\u2019Azerba\u00efdjan et couvrant \u00e0 la fois les aspects culturels et \u00e9conomiques du d\u00e9veloppement, comme la conf\u00e9rence intitul\u00e9e \u00ab\u00a0Karabakh : histoire et patrimoine\u00a0\u00bb tenue en 2016 et \u00ab\u00a0Le Festival international d\u2019Artisanat de Bakou\u00a0\u00bb organis\u00e9 en 2019, tous les deux \u00e0 Bakou.<\/p>\n<p>Le programme du Sommet comprenait huit panels, intitul\u00e9s, respectivement, \u00ab\u00a0Investissements potentiels \u00e0 Karabakh : perspectives pr\u00e9visibles\u00a0\u00bb\u00a0; \u00ab\u00a0\u00c9cosyst\u00e8me r\u00e9silient de d\u00e9marrage pour un r\u00e9tablissement \u00e9conomique effectif post-Covid 19\u00a0\u00bb ; \u00ab\u00a0Perspectives \u00e9conomiques et commerciales futures dans la r\u00e9gion de l\u2019OCI\u00a0: enjeux et opportunit\u00e9s\u00a0\u00bb\u00a0; \u00ab\u00a0Les principaux enjeux sociaux et \u00e9conomiques de la r\u00e9gion, de la perspective de Nizami Ganjavi\u00a0\u00bb (en partenariat avec le Centre International de Nizami Ganjavi, Bakou) ; \u00ab\u00a0La dimension culturelle des futurs investissements\u00a0\u00bb\u00a0; \u00ab\u00a0Essor des investissements pour les d\u00e9butants\u00a0: financement des entreprises en d\u00e9veloppement\u00a0\u00bb\u00a0; \u00ab\u00a0Durabilit\u00e9 de la paix dans la r\u00e9gion\u00a0: reconstruction de Karabakh\u00a0\u00bb\u00a0; \u00ab\u00a0Le r\u00f4le des investissements technologiques pour la r\u00e9alisation des Objectifs de D\u00e9veloppement Durable\u00a0\u00bb. Des expositions vari\u00e9es ont accompagn\u00e9 ces sessions.<\/p>\n<p>Dans sa pr\u00e9sentation lors du panel sur \u00ab\u00a0Les principaux enjeux sociaux et \u00e9conomiques dans la r\u00e9gion, de la perspective de Nizami Ganjavi\u00a0\u00bb, le Prof. Dr. Mahmud Erol K\u0131l\u0131\u00e7 a dit que l\u2019\u00e9vocation d\u2019intellectuels comme Nizami Ganjavi qui ont mis l\u2019accent sur des notions morales universellement reconnues favorise l\u2019\u00e9tablissement de climats propices pour la coop\u00e9ration. Il a expliqu\u00e9 ce point \u00e0 l\u2019aide d\u2019exemples de projets de coop\u00e9ration intra-OCI coordonn\u00e9s par l\u2019IRCICA dans des secteurs d\u2019activit\u00e9s \u00e9conomiques et cr\u00e9atrices comme les arts, l\u2019artisanat et l\u2019\u00e9tude du patrimoine culturel, dont les produits et innovations puisent l\u2019inspiration et la durabilit\u00e9 dans les r\u00e9f\u00e9rences aux cultures communes et histoires partag\u00e9es.<\/p>\n","protected":false},"excerpt":{"rendered":"<p>Le Directeur G\u00e9n\u00e9ral de l\u2019IRCICA, l\u2019Ambassadeur Prof. Dr. Mahmud Erol K\u0131l\u0131\u00e7, s\u2019est adress\u00e9 \u00e0 la c\u00e9r\u00e9monie d\u2019ouverture du \u00ab\u00a0Sommet d\u2019Azerba\u00efdjan d\u2019investissement et de culture\u00a0\u00bb organis\u00e9 conjointement par l\u2019Agence de d\u00e9veloppement&hellip;<\/p>\n","protected":false},"author":1,"featured_media":9302,"comment_status":"closed","ping_status":"closed","sticky":false,"template":"","format":"standard","meta":{"_acf_changed":false,"_mi_skip_tracking":false,"footnotes":""},"categories":[233],"tags":[],"cmcal_calendar":[],"class_list":["post-16625","post","type-post","status-publish","format-standard","has-post-thumbnail","hentry","category-conferences"],"acf":[],"aioseo_notices":[],"_links":{"self":[{"href":"https:\/\/www.ircica.org\/fr\/wp-json\/wp\/v2\/posts\/16625","targetHints":{"allow":["GET"]}}],"collection":[{"href":"https:\/\/www.ircica.org\/fr\/wp-json\/wp\/v2\/posts"}],"about":[{"href":"https:\/\/www.ircica.org\/fr\/wp-json\/wp\/v2\/types\/post"}],"author":[{"embeddable":true,"href":"https:\/\/www.ircica.org\/fr\/wp-json\/wp\/v2\/users\/1"}],"replies":[{"embeddable":true,"href":"https:\/\/www.ircica.org\/fr\/wp-json\/wp\/v2\/comments?post=16625"}],"version-history":[{"count":0,"href":"https:\/\/www.ircica.org\/fr\/wp-json\/wp\/v2\/posts\/16625\/revisions"}],"wp:featuredmedia":[{"embeddable":true,"href":"https:\/\/www.ircica.org\/fr\/wp-json\/wp\/v2\/media\/9302"}],"wp:attachment":[{"href":"https:\/\/www.ircica.org\/fr\/wp-json\/wp\/v2\/media?parent=16625"}],"wp:term":[{"taxonomy":"category","embeddable":true,"href":"https:\/\/www.ircica.org\/fr\/wp-json\/wp\/v2\/categories?post=16625"},{"taxonomy":"post_tag","embeddable":true,"href":"https:\/\/www.ircica.org\/fr\/wp-json\/wp\/v2\/tags?post=16625"},{"taxonomy":"cmcal_calendar","embeddable":true,"href":"https:\/\/www.ircica.org\/fr\/wp-json\/wp\/v2\/cmcal_calendar?post=16625"}],"curies":[{"name":"wp","href":"https:\/\/api.w.org\/{rel}","templated":true}]}}