{"id":18126,"date":"2022-10-17T15:54:36","date_gmt":"2022-10-17T12:54:36","guid":{"rendered":"https:\/\/www.ircica.org\/activites\/islamic-civilization-in-central-asia-conference-jointly-with-the-international-islamic-academy-of-uzbekistan"},"modified":"2022-10-18T17:07:03","modified_gmt":"2022-10-18T14:07:03","slug":"conference-sur-la-civilisation-islamique-en-asie-centrale-conjointement-avec-lacademie-islamique-internationale-douzbekistan","status":"publish","type":"post","link":"https:\/\/www.ircica.org\/fr\/activites\/conferences\/conference-sur-la-civilisation-islamique-en-asie-centrale-conjointement-avec-lacademie-islamique-internationale-douzbekistan","title":{"rendered":"Conf\u00e9rence sur \u00ab La civilisation islamique en Asie centrale \u00bb, conjointement avec l\u2019Acad\u00e9mie islamique internationale d\u2019Ouzb\u00e9kistan"},"content":{"rendered":"<p>La troisi\u00e8me conf\u00e9rence internationale sur \u00ab La civilisation islamique en Asie centrale : pass\u00e9 et pr\u00e9sent \u00bb a \u00e9t\u00e9 organis\u00e9e par l\u2019IRCICA et l\u2019Acad\u00e9mie islamique internationale d\u2019Ouzb\u00e9kistan par l\u2019interm\u00e9diaire de la Chaire IRCICA d\u2019histoire islamique et d\u2019\u00e9tude des sources, le 17 octobre 2022. La conf\u00e9rence en ligne, organis\u00e9e depuis Tachkent, a \u00e9t\u00e9 ouverte par le Dr Muzaffar Kamilov, conseiller du pr\u00e9sident de la R\u00e9publique d\u2019Ouzb\u00e9kistan pour la coop\u00e9ration avec les organisations publiques et religieuses, recteur de l\u2019Acad\u00e9mie islamique internationale d\u2019Ouzb\u00e9kistan et l\u2019ambassadeur, le professeur Mahmud Erol. K\u0131l\u0131\u00e7, directeur g\u00e9n\u00e9ral de l\u2019IRCICA. Les deux premi\u00e8res conf\u00e9rences de la s\u00e9rie se sont tenues respectivement le 14 octobre 2020 et le 14 octobre 2021 ; leurs actes ont \u00e9t\u00e9 publi\u00e9s par les deux institutions organisatrices. Le directeur g\u00e9n\u00e9ral de l\u2019IRCICA a soulign\u00e9 dans son allocution, que cette continuit\u00e9, associ\u00e9e au taux de participation soutenu, a permis de d\u00e9velopper et de diversifier le cadre th\u00e9matique de la conf\u00e9rence. Le recteur de l\u2019Acad\u00e9mie a soulign\u00e9 l\u2019importance de partager au niveau international les r\u00e9sultats des \u00e9tudes savantes men\u00e9es dans des domaines d\u2019int\u00e9r\u00eat commun dans le cadre des \u00e9tudes islamiques. La s\u00e9ance a \u00e9t\u00e9 suivie d\u2019une conf\u00e9rence des jeunes chercheurs anim\u00e9e par la Chaire IRCICA dans les halls de l\u2019Acad\u00e9mie avec la participation de pr\u00e8s de 100 \u00e9tudiants de troisi\u00e8me cycle et jeunes acad\u00e9miciens.<\/p>\n<p>Conform\u00e9ment au concept de la conf\u00e9rence, la s\u00e9ance internationale en ligne a entendu des pr\u00e9sentations d\u2019universitaires et de chercheurs chevronn\u00e9s sur des sujets tr\u00e8s divers dans les \u00e9tudes et la recherche islamiques, afin d\u2019\u00e9largir le domaine d\u2019int\u00e9r\u00eat pour la recherche et les perspectives des futurs universitaires. La conf\u00e9rence en ligne a entendu des pr\u00e9sentations d\u2019universitaires et de chercheurs d\u2019universit\u00e9s d\u2019Asie centrale et de l\u2019IRCICA.<\/p>\n","protected":false},"excerpt":{"rendered":"<p>La troisi\u00e8me conf\u00e9rence internationale sur \u00ab La civilisation islamique en Asie centrale : pass\u00e9 et pr\u00e9sent \u00bb a \u00e9t\u00e9 organis\u00e9e par l\u2019IRCICA et l\u2019Acad\u00e9mie islamique internationale d\u2019Ouzb\u00e9kistan par l\u2019interm\u00e9diaire de&hellip;<\/p>\n","protected":false},"author":28,"featured_media":18136,"comment_status":"closed","ping_status":"closed","sticky":false,"template":"","format":"standard","meta":{"_acf_changed":false,"_mi_skip_tracking":false,"footnotes":""},"categories":[233],"tags":[],"cmcal_calendar":[],"class_list":["post-18126","post","type-post","status-publish","format-standard","has-post-thumbnail","hentry","category-conferences"],"acf":[],"aioseo_notices":[],"_links":{"self":[{"href":"https:\/\/www.ircica.org\/fr\/wp-json\/wp\/v2\/posts\/18126","targetHints":{"allow":["GET"]}}],"collection":[{"href":"https:\/\/www.ircica.org\/fr\/wp-json\/wp\/v2\/posts"}],"about":[{"href":"https:\/\/www.ircica.org\/fr\/wp-json\/wp\/v2\/types\/post"}],"author":[{"embeddable":true,"href":"https:\/\/www.ircica.org\/fr\/wp-json\/wp\/v2\/users\/28"}],"replies":[{"embeddable":true,"href":"https:\/\/www.ircica.org\/fr\/wp-json\/wp\/v2\/comments?post=18126"}],"version-history":[{"count":0,"href":"https:\/\/www.ircica.org\/fr\/wp-json\/wp\/v2\/posts\/18126\/revisions"}],"wp:featuredmedia":[{"embeddable":true,"href":"https:\/\/www.ircica.org\/fr\/wp-json\/wp\/v2\/media\/18136"}],"wp:attachment":[{"href":"https:\/\/www.ircica.org\/fr\/wp-json\/wp\/v2\/media?parent=18126"}],"wp:term":[{"taxonomy":"category","embeddable":true,"href":"https:\/\/www.ircica.org\/fr\/wp-json\/wp\/v2\/categories?post=18126"},{"taxonomy":"post_tag","embeddable":true,"href":"https:\/\/www.ircica.org\/fr\/wp-json\/wp\/v2\/tags?post=18126"},{"taxonomy":"cmcal_calendar","embeddable":true,"href":"https:\/\/www.ircica.org\/fr\/wp-json\/wp\/v2\/cmcal_calendar?post=18126"}],"curies":[{"name":"wp","href":"https:\/\/api.w.org\/{rel}","templated":true}]}}