{"id":19078,"date":"2023-03-22T12:04:14","date_gmt":"2023-03-22T09:04:14","guid":{"rendered":"https:\/\/www.ircica.org\/activites\/international-conference-on-the-role-of-the-scientific-heritage-of-abu-raykhan-beruni-in-the-development-of-world-science-to-be-organized-by-the-government-of-uzbekistan-in-september-2023"},"modified":"2023-03-22T12:13:09","modified_gmt":"2023-03-22T09:13:09","slug":"conference-internationale-sur-le-role-du-patrimoine-scientifique-dabu-rayhan-al-biruni-dans-le-developpement-des-sciences-dans-le-monde-qui-sera-organisee-par-le-gouvernement-de-louzbekistan-en-septembre-2023","status":"publish","type":"post","link":"https:\/\/www.ircica.org\/fr\/events\/conference-internationale-sur-le-role-du-patrimoine-scientifique-dabu-rayhan-al-biruni-dans-le-developpement-des-sciences-dans-le-monde-qui-sera-organisee-par-le-gouvernement-de-louzbekistan-en-septembre-2023","title":{"rendered":"Conf\u00e9rence internationale sur \u00ab Le r\u00f4le du patrimoine scientifique d\u2019Ab\u00fb Rayh\u00e2n al-B\u00eer\u00fbn\u00ee dans le d\u00e9veloppement des sciences dans le monde \u00bb qui sera organis\u00e9e par le gouvernement de l\u2019Ouzb\u00e9kistan en septembre 2023"},"content":{"rendered":"<p>Le Centre r\u00e9publicain pour la spiritualit\u00e9 et l\u2019illumination, l\u2019Acad\u00e9mie des sciences d\u2019Ouzb\u00e9kistan, la Commission nationale pour l\u2019UNESCO, la Fondation pour le d\u00e9veloppement de la culture et de l\u2019art, le Minist\u00e8re de la culture et du tourisme, le Conseil des ministres de la R\u00e9publique du Karakalpakstan, les gouvernements de la r\u00e9gion du Khorezm et de la ville de Tachkent, en coop\u00e9ration avec les minist\u00e8res et d\u00e9partements concern\u00e9s, pr\u00e9voient d\u2019organiser la Conf\u00e9rence internationale sur \u00ab Le r\u00f4le du patrimoine scientifique d\u2019Ab\u00fb Rayh\u00e2n al-B\u00eer\u00fbn\u00ee dans le d\u00e9veloppement des sciences dans le monde \u00bb, qui aura lieu en septembre 2023. Les langues de la conf\u00e9rence sont l\u2019ouzbek, le russe et l\u2019anglais.<\/p>\n<p>Acc\u00e8s \u00e0 l\u2019<a href=\"https:\/\/www.ircica.org\/wp-content\/uploads\/ircica\/Uzbekistan-Call-for-Papers.pdf\" target=\"_blank\" rel=\"noopener\"><u>appel \u00e0 contributions<\/u><\/a><\/p>\n","protected":false},"excerpt":{"rendered":"<p>Le Centre r\u00e9publicain pour la spiritualit\u00e9 et l\u2019illumination, l\u2019Acad\u00e9mie des sciences d\u2019Ouzb\u00e9kistan, la Commission nationale pour l\u2019UNESCO, la Fondation pour le d\u00e9veloppement de la culture et de l\u2019art, le Minist\u00e8re&hellip;<\/p>\n","protected":false},"author":1,"featured_media":19072,"comment_status":"closed","ping_status":"closed","sticky":false,"template":"","format":"standard","meta":{"_acf_changed":false,"_mi_skip_tracking":false,"footnotes":""},"categories":[329],"tags":[],"cmcal_calendar":[],"class_list":["post-19078","post","type-post","status-publish","format-standard","has-post-thumbnail","hentry","category-events"],"acf":[],"aioseo_notices":[],"_links":{"self":[{"href":"https:\/\/www.ircica.org\/fr\/wp-json\/wp\/v2\/posts\/19078","targetHints":{"allow":["GET"]}}],"collection":[{"href":"https:\/\/www.ircica.org\/fr\/wp-json\/wp\/v2\/posts"}],"about":[{"href":"https:\/\/www.ircica.org\/fr\/wp-json\/wp\/v2\/types\/post"}],"author":[{"embeddable":true,"href":"https:\/\/www.ircica.org\/fr\/wp-json\/wp\/v2\/users\/1"}],"replies":[{"embeddable":true,"href":"https:\/\/www.ircica.org\/fr\/wp-json\/wp\/v2\/comments?post=19078"}],"version-history":[{"count":0,"href":"https:\/\/www.ircica.org\/fr\/wp-json\/wp\/v2\/posts\/19078\/revisions"}],"wp:featuredmedia":[{"embeddable":true,"href":"https:\/\/www.ircica.org\/fr\/wp-json\/wp\/v2\/media\/19072"}],"wp:attachment":[{"href":"https:\/\/www.ircica.org\/fr\/wp-json\/wp\/v2\/media?parent=19078"}],"wp:term":[{"taxonomy":"category","embeddable":true,"href":"https:\/\/www.ircica.org\/fr\/wp-json\/wp\/v2\/categories?post=19078"},{"taxonomy":"post_tag","embeddable":true,"href":"https:\/\/www.ircica.org\/fr\/wp-json\/wp\/v2\/tags?post=19078"},{"taxonomy":"cmcal_calendar","embeddable":true,"href":"https:\/\/www.ircica.org\/fr\/wp-json\/wp\/v2\/cmcal_calendar?post=19078"}],"curies":[{"name":"wp","href":"https:\/\/api.w.org\/{rel}","templated":true}]}}