{"id":19338,"date":"2023-05-04T14:04:54","date_gmt":"2023-05-04T11:04:54","guid":{"rendered":"https:\/\/www.ircica.org\/activites\/preservation-through-generations-istanbul-2023-in-memoriam-amir-pasic"},"modified":"2023-05-04T14:55:25","modified_gmt":"2023-05-04T11:55:25","slug":"colloque-intitule-la-preservation-a-travers-les-generations-istanbul-2023-a-la-memoire-du-prof-amir-pasic","status":"publish","type":"post","link":"https:\/\/www.ircica.org\/fr\/events\/colloque-intitule-la-preservation-a-travers-les-generations-istanbul-2023-a-la-memoire-du-prof-amir-pasic","title":{"rendered":"colloque intitul\u00e9 \u00ab\u00a0La pr\u00e9servation \u00e0 travers les g\u00e9n\u00e9rations : Istanbul 2023\u00a0\u00bb \u00e0 la m\u00e9moire du Prof. Amir Pa\u0161i\u0107"},"content":{"rendered":"<p>L\u2019IRCICA organisera un colloque intitul\u00e9 \u00ab\u00a0La pr\u00e9servation \u00e0 travers les g\u00e9n\u00e9rations : Istanbul 2023 \u2013 \u00e0 la m\u00e9moire de Amir Pa\u0161i\u0107\u00a0\u00bb le 24 mai 2023, pour rendre hommage et saluer les r\u00e9alisations de feu le professeur l\u2019architecte le Dr Amir Pa\u0161i\u0107, qui a dirig\u00e9 le d\u00e9partement du patrimoine architectural de l\u2019IRCICA de 1993 \u00e0 2018 et a dirig\u00e9 plusieurs projets novateurs dans le domaine du patrimoine architectural islamique.<\/p>\n<p>Le colloque peut \u00eatre suivi en pr\u00e9sentiel, ou en ligne en s\u2019inscrivant <a href=\"https:\/\/us06web.zoom.us\/j\/2023001980?pwd=NXk2Vld5S01xZTRVbzRvZG1ScDRqUT09\" target=\"_blank\" rel=\"noopener\">ici<\/a>, ou bien<br \/>\nID du Colloque : 2023 00 1980<br \/>\nMot de passe: 2023<\/p>\n<p>Le programme est accessible <a href=\"https:\/\/www.ircica.org\/wp-content\/uploads\/ircica\/Preservation-Through-Generations-Program.pdf\" target=\"_blank\" rel=\"noopener\">ici<\/a>.<\/p>\n","protected":false},"excerpt":{"rendered":"<p>L\u2019IRCICA organisera un colloque intitul\u00e9 \u00ab\u00a0La pr\u00e9servation \u00e0 travers les g\u00e9n\u00e9rations : Istanbul 2023 \u2013 \u00e0 la m\u00e9moire de Amir Pa\u0161i\u0107\u00a0\u00bb le 24 mai 2023, pour rendre hommage et saluer&hellip;<\/p>\n","protected":false},"author":1,"featured_media":19351,"comment_status":"closed","ping_status":"closed","sticky":false,"template":"","format":"standard","meta":{"_acf_changed":false,"_mi_skip_tracking":false,"footnotes":""},"categories":[329],"tags":[],"cmcal_calendar":[343],"class_list":["post-19338","post","type-post","status-publish","format-standard","has-post-thumbnail","hentry","category-events","cmcal_calendar-ircica"],"acf":[],"aioseo_notices":[],"_links":{"self":[{"href":"https:\/\/www.ircica.org\/fr\/wp-json\/wp\/v2\/posts\/19338","targetHints":{"allow":["GET"]}}],"collection":[{"href":"https:\/\/www.ircica.org\/fr\/wp-json\/wp\/v2\/posts"}],"about":[{"href":"https:\/\/www.ircica.org\/fr\/wp-json\/wp\/v2\/types\/post"}],"author":[{"embeddable":true,"href":"https:\/\/www.ircica.org\/fr\/wp-json\/wp\/v2\/users\/1"}],"replies":[{"embeddable":true,"href":"https:\/\/www.ircica.org\/fr\/wp-json\/wp\/v2\/comments?post=19338"}],"version-history":[{"count":0,"href":"https:\/\/www.ircica.org\/fr\/wp-json\/wp\/v2\/posts\/19338\/revisions"}],"wp:featuredmedia":[{"embeddable":true,"href":"https:\/\/www.ircica.org\/fr\/wp-json\/wp\/v2\/media\/19351"}],"wp:attachment":[{"href":"https:\/\/www.ircica.org\/fr\/wp-json\/wp\/v2\/media?parent=19338"}],"wp:term":[{"taxonomy":"category","embeddable":true,"href":"https:\/\/www.ircica.org\/fr\/wp-json\/wp\/v2\/categories?post=19338"},{"taxonomy":"post_tag","embeddable":true,"href":"https:\/\/www.ircica.org\/fr\/wp-json\/wp\/v2\/tags?post=19338"},{"taxonomy":"cmcal_calendar","embeddable":true,"href":"https:\/\/www.ircica.org\/fr\/wp-json\/wp\/v2\/cmcal_calendar?post=19338"}],"curies":[{"name":"wp","href":"https:\/\/api.w.org\/{rel}","templated":true}]}}