{"id":20884,"date":"2023-12-05T10:32:03","date_gmt":"2023-12-05T07:32:03","guid":{"rendered":"https:\/\/www.ircica.org\/activites\/symposium-on-sanliurfa-city-of-art-and-culture"},"modified":"2023-12-05T11:01:03","modified_gmt":"2023-12-05T08:01:03","slug":"symposium-sur-sanliurfa-ville-dart-et-de-culture","status":"publish","type":"post","link":"https:\/\/www.ircica.org\/fr\/events\/symposium-sur-sanliurfa-ville-dart-et-de-culture","title":{"rendered":"Symposium sur \u00ab \u015eanl\u0131urfa, ville d\u2019art et de culture \u00bb"},"content":{"rendered":"<p>\u015eanl\u0131urfa en Turquie a \u00e9t\u00e9 d\u00e9sign\u00e9e \u00ab Ville du tourisme de l\u2019OCI pour 2023 \u00bb par la 11e Conf\u00e9rence islamique des ministres du Tourisme tenue \u00e0 Bakou, en Azerba\u00efdjan, du 27 au 29 juin 2022, dans le cadre d\u2019un programme men\u00e9 depuis 2015 pour mettre en valeur une ville du monde musulman chaque ann\u00e9e avec des activit\u00e9s culturelles organis\u00e9es par les \u00c9tats membres et les institutions concern\u00e9es de l\u2019OCI.<\/p>\n<p>\u00c0 cette occasion, l\u2019IRCICA, le gouvernorat de \u015eanl\u0131urfa et l\u2019Universit\u00e9 de Harran organisent conjointement un symposium intitul\u00e9 \u00ab \u015eanl\u0131urfa, ville d\u2019art et de culture \u00bb qui soulignera le r\u00f4le et l\u2019importance de \u015eanl\u0131urfa dans l\u2019histoire, la culture et la civilisation islamiques.<\/p>\n<p>Le symposium couvrira les th\u00e8mes suivants : \u00ab Urfa dans l\u2019histoire islamique \u00bb, \u00ab Urfa dans la culture islamique \u00bb, \u00ab La culture dans l\u2019ancienne Urfa \u00bb, \u00ab L\u2019art et l\u2019architecture \u00e0 Urfa \u00bb. 15 universitaires et sp\u00e9cialistes de diff\u00e9rentes universit\u00e9s pr\u00e9senteront des \u00e9tudes sur ces aspects de \u015eanl\u0131urfa.<\/p>\n<p>Une des plus anciennes villes du monde, Urfa a v\u00e9cu sous diff\u00e9rents r\u00e9gimes depuis les anciennes civilisations de la M\u00e9sopotamie en passant par l\u2019Empire romain et l\u2019Empire byzantin, l\u2019\u00c9tat omeyyade avec la conqu\u00eate musulmane en 18 H, l\u2019\u00c9tat abbasside, le Comt\u00e9 des Crois\u00e9s d\u2019Urfa (1098-1144 apr. J.-C.), puis les Seldjoukides d\u2019Anatolie, les Ayyoubides, les Mamelouks, les Safavides et, \u00e0 partir de 1517, l\u2019\u00c9tat ottoman et la R\u00e9publique de Turquie. Tout au long de cette histoire, elle fut successivement nomm\u00e9e Orhay, Edessa, el-Ruha, Urfa, et depuis 1984, \u015eanl\u0131urfa (Glorieuse Urfa, pour sa victoire lors de la guerre d\u2019ind\u00e9pendance). Elle a \u00e9t\u00e9 une terre de coexistence multiconfessionnelle et multiculturelle, un contributeur actif au processus historique de transmission mondiale des sciences et de la philosophie depuis la culture grecque antique jusqu\u2019\u00e0 l\u2019\u00e2ge d\u2019or de la science et de la philosophie dans l\u2019Islam avec des traductions et des contributions, et un important centre de la culture islamique avec l\u2019\u00e9rudition, les m\u00e9dress\u00e9s, la litt\u00e9rature, l\u2019urbanisation, les institutions publiques, les waqfs, les arts et l\u2019artisanat qu\u2019elle a cultiv\u00e9s pendant des si\u00e8cles.<\/p>\n<p>Le symposium se tiendra \u00e0 l\u2019Universit\u00e9 Harran, Campus Osmanbey, \u015eanl\u0131urfa, les 11 et 12 d\u00e9cembre 2023. La langue du symposium sera le turc. Cliquez <a href=\"https:\/\/www.ircica.org\/wp-content\/uploads\/ircica\/symposium-on-sanliurfa-city-of-art-and-culture.pdf\" target=\"_blank\" rel=\"noopener\">ici<\/a> pour voir le programme.<\/p>\n","protected":false},"excerpt":{"rendered":"<p>\u015eanl\u0131urfa en Turquie a \u00e9t\u00e9 d\u00e9sign\u00e9e \u00ab Ville du tourisme de l\u2019OCI pour 2023 \u00bb par la 11e Conf\u00e9rence islamique des ministres du Tourisme tenue \u00e0 Bakou, en Azerba\u00efdjan, du&hellip;<\/p>\n","protected":false},"author":1,"featured_media":20892,"comment_status":"closed","ping_status":"closed","sticky":false,"template":"","format":"standard","meta":{"_acf_changed":false,"_mi_skip_tracking":false,"footnotes":""},"categories":[329],"tags":[],"cmcal_calendar":[343],"class_list":["post-20884","post","type-post","status-publish","format-standard","has-post-thumbnail","hentry","category-events","cmcal_calendar-ircica"],"acf":[],"aioseo_notices":[],"_links":{"self":[{"href":"https:\/\/www.ircica.org\/fr\/wp-json\/wp\/v2\/posts\/20884","targetHints":{"allow":["GET"]}}],"collection":[{"href":"https:\/\/www.ircica.org\/fr\/wp-json\/wp\/v2\/posts"}],"about":[{"href":"https:\/\/www.ircica.org\/fr\/wp-json\/wp\/v2\/types\/post"}],"author":[{"embeddable":true,"href":"https:\/\/www.ircica.org\/fr\/wp-json\/wp\/v2\/users\/1"}],"replies":[{"embeddable":true,"href":"https:\/\/www.ircica.org\/fr\/wp-json\/wp\/v2\/comments?post=20884"}],"version-history":[{"count":0,"href":"https:\/\/www.ircica.org\/fr\/wp-json\/wp\/v2\/posts\/20884\/revisions"}],"wp:featuredmedia":[{"embeddable":true,"href":"https:\/\/www.ircica.org\/fr\/wp-json\/wp\/v2\/media\/20892"}],"wp:attachment":[{"href":"https:\/\/www.ircica.org\/fr\/wp-json\/wp\/v2\/media?parent=20884"}],"wp:term":[{"taxonomy":"category","embeddable":true,"href":"https:\/\/www.ircica.org\/fr\/wp-json\/wp\/v2\/categories?post=20884"},{"taxonomy":"post_tag","embeddable":true,"href":"https:\/\/www.ircica.org\/fr\/wp-json\/wp\/v2\/tags?post=20884"},{"taxonomy":"cmcal_calendar","embeddable":true,"href":"https:\/\/www.ircica.org\/fr\/wp-json\/wp\/v2\/cmcal_calendar?post=20884"}],"curies":[{"name":"wp","href":"https:\/\/api.w.org\/{rel}","templated":true}]}}