{"id":21556,"date":"2024-01-15T14:45:49","date_gmt":"2024-01-15T11:45:49","guid":{"rendered":"https:\/\/www.ircica.org\/activites\/exhibition-of-historical-photographs-of-al-quds"},"modified":"2024-01-17T15:03:40","modified_gmt":"2024-01-17T12:03:40","slug":"exposition-de-photographies-historiques-dal-quds","status":"publish","type":"post","link":"https:\/\/www.ircica.org\/fr\/activites\/expositions\/exposition-de-photographies-historiques-dal-quds","title":{"rendered":"Exposition de photographies historiques d\u2019Al-Quds"},"content":{"rendered":"<p>L\u2019IRCICA et la Municipalit\u00e9 d\u2019Esenler (Istanbul) ont coop\u00e9r\u00e9 dans l\u2019organisation d\u2019une exposition de photographies historiques d\u2019Al-Quds qui a \u00e9t\u00e9 inaugur\u00e9e au \u201cCentre culturel et artistique du Dr. Kadir Topba\u015f\u201d le 15 janvier 2024 pour une dur\u00e9e de deux semaines. Les photographies, choisies de l\u2019archive de l\u2019IRCICA, attirent l\u2019int\u00e9r\u00eat des visiteurs.<\/p>\n<p><a href=\"https:\/\/www.ircica.org\/wp-content\/uploads\/2024\/01\/exhibition-of-historical-photographs-of-al-quds-2.jpg\" data-rel=\"penci-gallery-image-content\" ><img fetchpriority=\"high\" decoding=\"async\" class=\"alignnone wp-image-21541 size-full\" src=\"https:\/\/www.ircica.org\/wp-content\/uploads\/2024\/01\/exhibition-of-historical-photographs-of-al-quds-2.jpg\" alt=\"\" width=\"1920\" height=\"1280\" srcset=\"https:\/\/www.ircica.org\/wp-content\/uploads\/2024\/01\/exhibition-of-historical-photographs-of-al-quds-2.jpg 1920w, https:\/\/www.ircica.org\/wp-content\/uploads\/2024\/01\/exhibition-of-historical-photographs-of-al-quds-2-774x516.jpg 774w, https:\/\/www.ircica.org\/wp-content\/uploads\/2024\/01\/exhibition-of-historical-photographs-of-al-quds-2-1230x820.jpg 1230w, https:\/\/www.ircica.org\/wp-content\/uploads\/2024\/01\/exhibition-of-historical-photographs-of-al-quds-2-585x390.jpg 585w, https:\/\/www.ircica.org\/wp-content\/uploads\/2024\/01\/exhibition-of-historical-photographs-of-al-quds-2-768x512.jpg 768w, https:\/\/www.ircica.org\/wp-content\/uploads\/2024\/01\/exhibition-of-historical-photographs-of-al-quds-2-1536x1024.jpg 1536w, https:\/\/www.ircica.org\/wp-content\/uploads\/2024\/01\/exhibition-of-historical-photographs-of-al-quds-2-1170x780.jpg 1170w, https:\/\/www.ircica.org\/wp-content\/uploads\/2024\/01\/exhibition-of-historical-photographs-of-al-quds-2-263x175.jpg 263w, https:\/\/www.ircica.org\/wp-content\/uploads\/2024\/01\/exhibition-of-historical-photographs-of-al-quds-2-375x250.jpg 375w\" sizes=\"(max-width: 1920px) 100vw, 1920px\" \/><\/a><\/p>\n<p><a href=\"https:\/\/www.ircica.org\/wp-content\/uploads\/2024\/01\/exhibition-of-historical-photographs-of-al-quds-1.jpg\" data-rel=\"penci-gallery-image-content\" ><img decoding=\"async\" class=\"alignnone wp-image-21549 size-full\" src=\"https:\/\/www.ircica.org\/wp-content\/uploads\/2024\/01\/exhibition-of-historical-photographs-of-al-quds-1.jpg\" alt=\"\" width=\"1920\" height=\"1280\" srcset=\"https:\/\/www.ircica.org\/wp-content\/uploads\/2024\/01\/exhibition-of-historical-photographs-of-al-quds-1.jpg 1920w, https:\/\/www.ircica.org\/wp-content\/uploads\/2024\/01\/exhibition-of-historical-photographs-of-al-quds-1-774x516.jpg 774w, https:\/\/www.ircica.org\/wp-content\/uploads\/2024\/01\/exhibition-of-historical-photographs-of-al-quds-1-1230x820.jpg 1230w, https:\/\/www.ircica.org\/wp-content\/uploads\/2024\/01\/exhibition-of-historical-photographs-of-al-quds-1-585x390.jpg 585w, https:\/\/www.ircica.org\/wp-content\/uploads\/2024\/01\/exhibition-of-historical-photographs-of-al-quds-1-768x512.jpg 768w, https:\/\/www.ircica.org\/wp-content\/uploads\/2024\/01\/exhibition-of-historical-photographs-of-al-quds-1-1536x1024.jpg 1536w, https:\/\/www.ircica.org\/wp-content\/uploads\/2024\/01\/exhibition-of-historical-photographs-of-al-quds-1-1170x780.jpg 1170w, https:\/\/www.ircica.org\/wp-content\/uploads\/2024\/01\/exhibition-of-historical-photographs-of-al-quds-1-263x175.jpg 263w, https:\/\/www.ircica.org\/wp-content\/uploads\/2024\/01\/exhibition-of-historical-photographs-of-al-quds-1-375x250.jpg 375w\" sizes=\"(max-width: 1920px) 100vw, 1920px\" \/><\/a><\/p>\n","protected":false},"excerpt":{"rendered":"<p>L\u2019IRCICA et la Municipalit\u00e9 d\u2019Esenler (Istanbul) ont coop\u00e9r\u00e9 dans l\u2019organisation d\u2019une exposition de photographies historiques d\u2019Al-Quds qui a \u00e9t\u00e9 inaugur\u00e9e au \u201cCentre culturel et artistique du Dr. Kadir Topba\u015f\u201d le&hellip;<\/p>\n","protected":false},"author":28,"featured_media":21539,"comment_status":"closed","ping_status":"closed","sticky":false,"template":"","format":"standard","meta":{"_acf_changed":false,"_mi_skip_tracking":false,"footnotes":""},"categories":[238],"tags":[],"cmcal_calendar":[],"class_list":["post-21556","post","type-post","status-publish","format-standard","has-post-thumbnail","hentry","category-expositions"],"acf":[],"aioseo_notices":[],"_links":{"self":[{"href":"https:\/\/www.ircica.org\/fr\/wp-json\/wp\/v2\/posts\/21556","targetHints":{"allow":["GET"]}}],"collection":[{"href":"https:\/\/www.ircica.org\/fr\/wp-json\/wp\/v2\/posts"}],"about":[{"href":"https:\/\/www.ircica.org\/fr\/wp-json\/wp\/v2\/types\/post"}],"author":[{"embeddable":true,"href":"https:\/\/www.ircica.org\/fr\/wp-json\/wp\/v2\/users\/28"}],"replies":[{"embeddable":true,"href":"https:\/\/www.ircica.org\/fr\/wp-json\/wp\/v2\/comments?post=21556"}],"version-history":[{"count":1,"href":"https:\/\/www.ircica.org\/fr\/wp-json\/wp\/v2\/posts\/21556\/revisions"}],"predecessor-version":[{"id":21560,"href":"https:\/\/www.ircica.org\/fr\/wp-json\/wp\/v2\/posts\/21556\/revisions\/21560"}],"wp:featuredmedia":[{"embeddable":true,"href":"https:\/\/www.ircica.org\/fr\/wp-json\/wp\/v2\/media\/21539"}],"wp:attachment":[{"href":"https:\/\/www.ircica.org\/fr\/wp-json\/wp\/v2\/media?parent=21556"}],"wp:term":[{"taxonomy":"category","embeddable":true,"href":"https:\/\/www.ircica.org\/fr\/wp-json\/wp\/v2\/categories?post=21556"},{"taxonomy":"post_tag","embeddable":true,"href":"https:\/\/www.ircica.org\/fr\/wp-json\/wp\/v2\/tags?post=21556"},{"taxonomy":"cmcal_calendar","embeddable":true,"href":"https:\/\/www.ircica.org\/fr\/wp-json\/wp\/v2\/cmcal_calendar?post=21556"}],"curies":[{"name":"wp","href":"https:\/\/api.w.org\/{rel}","templated":true}]}}