{"id":22406,"date":"2024-03-08T16:35:58","date_gmt":"2024-03-08T13:35:58","guid":{"rendered":"https:\/\/www.ircica.org\/activites\/ircica-director-general-addresses-islamophobia-conference-in-baku"},"modified":"2024-03-11T11:51:31","modified_gmt":"2024-03-11T08:51:31","slug":"le-directeur-general-de-lircica-prononce-un-discours-lors-de-la-conference-sur-lislamophobie-a-bakou","status":"publish","type":"post","link":"https:\/\/www.ircica.org\/fr\/activites\/conferences\/le-directeur-general-de-lircica-prononce-un-discours-lors-de-la-conference-sur-lislamophobie-a-bakou","title":{"rendered":"Le directeur g\u00e9n\u00e9ral de l\u2019IRCICA prononce un discours lors de la conf\u00e9rence sur l\u2019islamophobie \u00e0 Bakou"},"content":{"rendered":"<p>Le directeur g\u00e9n\u00e9ral de l\u2019IRCICA, le professeur Mahmud Erol K\u0131l\u0131\u00e7, a pr\u00e9sent\u00e9 une \u00e9tude intitul\u00e9e \u00ab Perspectives \u00e9volutives pour lutter contre l\u2019islamophobie : un cadre th\u00e9orique \u00bb lors de la conf\u00e9rence \u00ab Adopter la diversit\u00e9 : aborder l\u2019islamophobie en 2024 \u00bb organis\u00e9e conjointement par le Centre international du multiculturalisme de Bakou, le Centre d\u2019analyse des Relations internationales (AIR Center) et le Forum de dialogue interreligieux du G20, \u00e0 Bakou, qui a \u00e9t\u00e9 ouverte par le message du Pr\u00e9sident azerba\u00efdjanais, S.E. Ilham Aliyev le 8 mars 2024.<\/p>\n","protected":false},"excerpt":{"rendered":"<p>Le directeur g\u00e9n\u00e9ral de l\u2019IRCICA, le professeur Mahmud Erol K\u0131l\u0131\u00e7, a pr\u00e9sent\u00e9 une \u00e9tude intitul\u00e9e \u00ab Perspectives \u00e9volutives pour lutter contre l\u2019islamophobie : un cadre th\u00e9orique \u00bb lors de la&hellip;<\/p>\n","protected":false},"author":28,"featured_media":22386,"comment_status":"closed","ping_status":"closed","sticky":false,"template":"","format":"standard","meta":{"_acf_changed":false,"_mi_skip_tracking":false,"footnotes":""},"categories":[233],"tags":[],"cmcal_calendar":[],"class_list":["post-22406","post","type-post","status-publish","format-standard","has-post-thumbnail","hentry","category-conferences"],"acf":[],"aioseo_notices":[],"_links":{"self":[{"href":"https:\/\/www.ircica.org\/fr\/wp-json\/wp\/v2\/posts\/22406","targetHints":{"allow":["GET"]}}],"collection":[{"href":"https:\/\/www.ircica.org\/fr\/wp-json\/wp\/v2\/posts"}],"about":[{"href":"https:\/\/www.ircica.org\/fr\/wp-json\/wp\/v2\/types\/post"}],"author":[{"embeddable":true,"href":"https:\/\/www.ircica.org\/fr\/wp-json\/wp\/v2\/users\/28"}],"replies":[{"embeddable":true,"href":"https:\/\/www.ircica.org\/fr\/wp-json\/wp\/v2\/comments?post=22406"}],"version-history":[{"count":2,"href":"https:\/\/www.ircica.org\/fr\/wp-json\/wp\/v2\/posts\/22406\/revisions"}],"predecessor-version":[{"id":22409,"href":"https:\/\/www.ircica.org\/fr\/wp-json\/wp\/v2\/posts\/22406\/revisions\/22409"}],"wp:featuredmedia":[{"embeddable":true,"href":"https:\/\/www.ircica.org\/fr\/wp-json\/wp\/v2\/media\/22386"}],"wp:attachment":[{"href":"https:\/\/www.ircica.org\/fr\/wp-json\/wp\/v2\/media?parent=22406"}],"wp:term":[{"taxonomy":"category","embeddable":true,"href":"https:\/\/www.ircica.org\/fr\/wp-json\/wp\/v2\/categories?post=22406"},{"taxonomy":"post_tag","embeddable":true,"href":"https:\/\/www.ircica.org\/fr\/wp-json\/wp\/v2\/tags?post=22406"},{"taxonomy":"cmcal_calendar","embeddable":true,"href":"https:\/\/www.ircica.org\/fr\/wp-json\/wp\/v2\/cmcal_calendar?post=22406"}],"curies":[{"name":"wp","href":"https:\/\/api.w.org\/{rel}","templated":true}]}}