{"id":23264,"date":"2024-04-24T09:24:51","date_gmt":"2024-04-24T06:24:51","guid":{"rendered":"https:\/\/www.ircica.org\/activites\/ircica-director-general-professor-mahmud-erol-kilic-participated-in-the-oic-cultural-activity-in-malaysia"},"modified":"2024-04-26T14:30:48","modified_gmt":"2024-04-26T11:30:48","slug":"le-directeur-general-de-lircica-le-professeur-mahmud-erol-kilic-a-participe-a-lactivite-culturelle-de-loci-en-malaisie","status":"publish","type":"post","link":"https:\/\/www.ircica.org\/fr\/activites\/conferences\/le-directeur-general-de-lircica-le-professeur-mahmud-erol-kilic-a-participe-a-lactivite-culturelle-de-loci-en-malaisie","title":{"rendered":"Le directeur g\u00e9n\u00e9ral de l\u2019IRCICA, le professeur Mahmud Erol K\u0131l\u0131\u00e7, a particip\u00e9 \u00e0 l\u2019activit\u00e9 culturelle de l\u2019OCI en Malaisie"},"content":{"rendered":"<p>Le Secr\u00e9tariat g\u00e9n\u00e9ral de l\u2019Organisation de la coop\u00e9ration islamique (OCI) et le gouvernement de la Malaisie ont organis\u00e9 une activit\u00e9 culturelle de trois jours en Malaisie, sous le titre de \u00ab La dynamique interculturelle en Asie du Sud-Est : \u00e9tat actuel, opportunit\u00e9s et perspectives d\u2019avenir \u00bb, du 22 au 24 avril 2024. L\u2019\u00e9v\u00e9nement principal a \u00e9t\u00e9 un s\u00e9minaire international organis\u00e9 conjointement avec l\u2019Abdulhamid Abu Sulayman Kulliyyah of Islamic Revealed Knowledge and Human Sciences [Facult\u00e9 Abdulhamid Abu Sulayman de la connaissance islamique r\u00e9v\u00e9l\u00e9e et des sciences humaines] de l\u2019Universit\u00e9 islamique internationale de Malaisie (IIUM), sur le th\u00e8me \u00ab Cultiver la sagesse, inspirer l\u2019excellence et fa\u00e7onner l\u2019avenir \u00bb. Les discours d\u2019ouverture et les discours principaux prononc\u00e9s par des dignitaires du gouvernement malaisien, du Secr\u00e9tariat g\u00e9n\u00e9ral de l\u2019OCI, et des institutions subsidiaires et affili\u00e9es de l\u2019OCI ont mis en lumi\u00e8re diff\u00e9rents aspects du th\u00e8me et\/ou des activit\u00e9s entreprises par diverses institutions culturelles et acad\u00e9miques. Un certain nombre de questions ont \u00e9t\u00e9 \u00e9voqu\u00e9es, notamment le r\u00f4le du dialogue interculturel dans la r\u00e9solution des probl\u00e8mes contemporains, le r\u00f4le des intellectuels dans la r\u00e9duction des conflits soci\u00e9taux gr\u00e2ce \u00e0 l\u2019engagement communautaire, et le statut du dialogue interculturel en Asie du Sud-Est, ainsi que l\u2019intelligence artificielle, la science et la technologie, entre autres sujets. L\u2019objectif \u00e9tait de \u00ab d\u00e9lib\u00e9rer sur les strat\u00e9gies favorables au d\u00e9veloppement des id\u00e9aux d\u2019entente culturelle, de respect mutuel, de coexistence pacifique et de partenariats rentables \u00bb. Le r\u00f4le de l\u2019OCI dans la promotion du rapprochement culturel entre ses \u00c9tats membres a \u00e9t\u00e9 soulign\u00e9, car la culture repr\u00e9sente un moyen efficace de puissance douce pour atteindre des publics plus larges au sein du monde musulman et au-del\u00e0.<\/p>\n<p>Le directeur g\u00e9n\u00e9ral de l\u2019IRCICA, l\u2019ambassadeur, le professeur Mahmud Erol K\u0131l\u0131\u00e7, a \u00e9t\u00e9 invit\u00e9 \u00e0 pr\u00e9senter une communication lors de la s\u00e9ance sur le dialogue interreligieux et interculturel intitul\u00e9e \u00ab\u00a0Consid\u00e9rer l\u2019harmonie interreligieuse et interculturelle dans la r\u00e9solution des probl\u00e8mes humanitaires contemporains\u00a0\u00bb. Le professeur K\u0131l\u0131\u00e7 a fait allusion aux cadres th\u00e9oriques et aux domaines d\u2019action pratiques de l\u2019harmonie et de la coop\u00e9ration interreligieuses et interculturelles dans la r\u00e9solution des probl\u00e8mes auxquels l\u2019humanit\u00e9 est confront\u00e9e, avec un aper\u00e7u des activit\u00e9s de l\u2019IRCICA qui contribuent \u00e0 la r\u00e9alisation des objectifs \u00e9voqu\u00e9s \u00e0 travers le th\u00e8me du s\u00e9minaire.<\/p>\n","protected":false},"excerpt":{"rendered":"<p>Le Secr\u00e9tariat g\u00e9n\u00e9ral de l\u2019Organisation de la coop\u00e9ration islamique (OCI) et le gouvernement de la Malaisie ont organis\u00e9 une activit\u00e9 culturelle de trois jours en Malaisie, sous le titre de&hellip;<\/p>\n","protected":false},"author":28,"featured_media":23234,"comment_status":"closed","ping_status":"closed","sticky":false,"template":"","format":"standard","meta":{"_acf_changed":false,"_mi_skip_tracking":false,"footnotes":""},"categories":[233],"tags":[],"cmcal_calendar":[],"class_list":["post-23264","post","type-post","status-publish","format-standard","has-post-thumbnail","hentry","category-conferences"],"acf":[],"aioseo_notices":[],"_links":{"self":[{"href":"https:\/\/www.ircica.org\/fr\/wp-json\/wp\/v2\/posts\/23264","targetHints":{"allow":["GET"]}}],"collection":[{"href":"https:\/\/www.ircica.org\/fr\/wp-json\/wp\/v2\/posts"}],"about":[{"href":"https:\/\/www.ircica.org\/fr\/wp-json\/wp\/v2\/types\/post"}],"author":[{"embeddable":true,"href":"https:\/\/www.ircica.org\/fr\/wp-json\/wp\/v2\/users\/28"}],"replies":[{"embeddable":true,"href":"https:\/\/www.ircica.org\/fr\/wp-json\/wp\/v2\/comments?post=23264"}],"version-history":[{"count":1,"href":"https:\/\/www.ircica.org\/fr\/wp-json\/wp\/v2\/posts\/23264\/revisions"}],"predecessor-version":[{"id":23265,"href":"https:\/\/www.ircica.org\/fr\/wp-json\/wp\/v2\/posts\/23264\/revisions\/23265"}],"wp:featuredmedia":[{"embeddable":true,"href":"https:\/\/www.ircica.org\/fr\/wp-json\/wp\/v2\/media\/23234"}],"wp:attachment":[{"href":"https:\/\/www.ircica.org\/fr\/wp-json\/wp\/v2\/media?parent=23264"}],"wp:term":[{"taxonomy":"category","embeddable":true,"href":"https:\/\/www.ircica.org\/fr\/wp-json\/wp\/v2\/categories?post=23264"},{"taxonomy":"post_tag","embeddable":true,"href":"https:\/\/www.ircica.org\/fr\/wp-json\/wp\/v2\/tags?post=23264"},{"taxonomy":"cmcal_calendar","embeddable":true,"href":"https:\/\/www.ircica.org\/fr\/wp-json\/wp\/v2\/cmcal_calendar?post=23264"}],"curies":[{"name":"wp","href":"https:\/\/api.w.org\/{rel}","templated":true}]}}