{"id":25190,"date":"2024-07-24T18:25:05","date_gmt":"2024-07-24T15:25:05","guid":{"rendered":"https:\/\/www.ircica.org\/activites\/general-cooperation-meeting-between-the-oic-and-the-un"},"modified":"2024-07-29T12:18:35","modified_gmt":"2024-07-29T09:18:35","slug":"reunion-generale-de-cooperation-entre-loci-et-lonu","status":"publish","type":"post","link":"https:\/\/www.ircica.org\/fr\/activites\/cooperation\/reunion-generale-de-cooperation-entre-loci-et-lonu","title":{"rendered":"R\u00e9union g\u00e9n\u00e9rale de coop\u00e9ration entre l\u2019OCI et l\u2019ONU"},"content":{"rendered":"<p>La 16e session de la R\u00e9union g\u00e9n\u00e9rale de coop\u00e9ration entre les Secr\u00e9tariats des Nations Unies (ONU) et de l\u2019Organisation de la coop\u00e9ration islamique (OCI) et leurs organisations et agences sp\u00e9cialis\u00e9es s\u2019est tenue du 22 au 24 juillet 2024, au si\u00e8ge de l\u2019Organisation islamique pour la s\u00e9curit\u00e9 alimentaire (OISA) \u00e0 Astana, au Kazakhstan. La R\u00e9union g\u00e9n\u00e9rale de coop\u00e9ration entre l\u2019ONU et l\u2019OCI a lieu tous les deux ans.<\/p>\n<p>Le professeur Cengiz Tomar, responsable de la recherche et des publications de l\u2019IRCICA, a repr\u00e9sent\u00e9 l\u2019IRCICA \u00e0 la r\u00e9union, qui \u00e9tait copr\u00e9sid\u00e9e par le Dr Ahmad Kawesa Sengendo, Secr\u00e9taire g\u00e9n\u00e9ral adjoint de l\u2019OCI pour les Affaires \u00e9conomiques, et l\u2019ambassadeur Khaled Khiari, Secr\u00e9taire g\u00e9n\u00e9ral adjoint aux Affaires politiques des Nations Unies. La r\u00e9union a r\u00e9uni de hauts responsables des institutions comp\u00e9tentes de l\u2019OCI et des agences des Nations Unies. Le professeur Tomar a inform\u00e9 les participants des domaines de collaboration existants et potentiels entre l\u2019IRCICA et les agences des Nations Unies concern\u00e9es dans les domaines des relations et du dialogue interculturels, du d\u00e9veloppement des arts et de la pr\u00e9servation du patrimoine culturel. Outre la culture, les domaines de coop\u00e9ration abord\u00e9s lors de la r\u00e9union comprennent le maintien de la paix et de la s\u00e9curit\u00e9 internationales, la r\u00e9solution des conflits, l\u2019aide humanitaire, ainsi que de nombreuses questions \u00e9conomiques, sociales et culturelles. Des domaines concrets de coop\u00e9ration et la mise en \u0153uvre de projets communs sp\u00e9cifiques ont \u00e9t\u00e9 examin\u00e9s.<\/p>\n","protected":false},"excerpt":{"rendered":"<p>La 16e session de la R\u00e9union g\u00e9n\u00e9rale de coop\u00e9ration entre les Secr\u00e9tariats des Nations Unies (ONU) et de l\u2019Organisation de la coop\u00e9ration islamique (OCI) et leurs organisations et agences sp\u00e9cialis\u00e9es&hellip;<\/p>\n","protected":false},"author":28,"featured_media":25179,"comment_status":"closed","ping_status":"closed","sticky":false,"template":"","format":"standard","meta":{"_acf_changed":false,"_mi_skip_tracking":false,"footnotes":""},"categories":[279],"tags":[],"cmcal_calendar":[],"class_list":["post-25190","post","type-post","status-publish","format-standard","has-post-thumbnail","hentry","category-cooperation"],"acf":[],"aioseo_notices":[],"_links":{"self":[{"href":"https:\/\/www.ircica.org\/fr\/wp-json\/wp\/v2\/posts\/25190","targetHints":{"allow":["GET"]}}],"collection":[{"href":"https:\/\/www.ircica.org\/fr\/wp-json\/wp\/v2\/posts"}],"about":[{"href":"https:\/\/www.ircica.org\/fr\/wp-json\/wp\/v2\/types\/post"}],"author":[{"embeddable":true,"href":"https:\/\/www.ircica.org\/fr\/wp-json\/wp\/v2\/users\/28"}],"replies":[{"embeddable":true,"href":"https:\/\/www.ircica.org\/fr\/wp-json\/wp\/v2\/comments?post=25190"}],"version-history":[{"count":1,"href":"https:\/\/www.ircica.org\/fr\/wp-json\/wp\/v2\/posts\/25190\/revisions"}],"predecessor-version":[{"id":25191,"href":"https:\/\/www.ircica.org\/fr\/wp-json\/wp\/v2\/posts\/25190\/revisions\/25191"}],"wp:featuredmedia":[{"embeddable":true,"href":"https:\/\/www.ircica.org\/fr\/wp-json\/wp\/v2\/media\/25179"}],"wp:attachment":[{"href":"https:\/\/www.ircica.org\/fr\/wp-json\/wp\/v2\/media?parent=25190"}],"wp:term":[{"taxonomy":"category","embeddable":true,"href":"https:\/\/www.ircica.org\/fr\/wp-json\/wp\/v2\/categories?post=25190"},{"taxonomy":"post_tag","embeddable":true,"href":"https:\/\/www.ircica.org\/fr\/wp-json\/wp\/v2\/tags?post=25190"},{"taxonomy":"cmcal_calendar","embeddable":true,"href":"https:\/\/www.ircica.org\/fr\/wp-json\/wp\/v2\/cmcal_calendar?post=25190"}],"curies":[{"name":"wp","href":"https:\/\/api.w.org\/{rel}","templated":true}]}}