{"id":26009,"date":"2024-09-13T17:59:20","date_gmt":"2024-09-13T14:59:20","guid":{"rendered":"https:\/\/www.ircica.org\/activites\/oic-cultural-program-in-tajikistan"},"modified":"2024-09-16T11:06:55","modified_gmt":"2024-09-16T08:06:55","slug":"programme-culturel-de-loci-au-tadjikistan","status":"publish","type":"post","link":"https:\/\/www.ircica.org\/fr\/activites\/conferences\/programme-culturel-de-loci-au-tadjikistan","title":{"rendered":"Programme culturel de l\u2019OCI au Tadjikistan"},"content":{"rendered":"<p>Le Gouvernement et la R\u00e9publique du Tadjikistan ainsi que le Secr\u00e9tariat g\u00e9n\u00e9ral de l\u2019OCI ont organis\u00e9 conjointement l\u2019\u00ab\u00c9v\u00e9nement culturel de l\u2019OCI au Tadjikistan\u00bb, qui comprend une conf\u00e9rence sur le th\u00e8me \u00abLe r\u00f4le des \u00e9rudits et intellectuels tadjiks dans le d\u00e9veloppement de la culture et de la civilisation islamiques\u00bb, ainsi que des expositions documentaires et artistiques et des spectacles folkloriques refl\u00e9tant les traditions culturelles du Tadjikistan et de l\u2019Asie centrale en g\u00e9n\u00e9ral. Dans la s\u00e9rie des \u00ab\u00c9v\u00e9nements culturels de l\u2019OCI \u00bb, cet \u00e9v\u00e8nement fut le premier programme \u00e0 se tenir en Asie centrale, apr\u00e8s ceux organis\u00e9s en Ouganda, en Indon\u00e9sie et en Malaisie en 2022 et 2023.<\/p>\n<p>Lors de la conf\u00e9rence, le directeur g\u00e9n\u00e9ral de l\u2019IRCICA, le professeur Mahmud Erol K\u0131l\u0131\u00e7, a pr\u00e9sent\u00e9 une \u00e9tude intitul\u00e9e \u00ab Les traditions de sagesse islamique comme ponts interculturels : l\u2019exemple de Mawl\u00e2n\u00e2 Balkhi-R\u00fbm\u00ee et les axes de travail de l\u2019IRCICA \u00bb. Dans cette \u00e9tude, le professeur K\u0131l\u0131\u00e7 a expliqu\u00e9 les objectifs des projets de recherche de l\u2019IRCICA sur le patrimoine savant et scientifique \u00e9crit du monde islamique, men\u00e9s conjointement avec les gouvernements et les institutions des pays concern\u00e9s, en l\u2019occurrence le Tadjikistan et, de mani\u00e8re g\u00e9n\u00e9rale, l\u2019Asie centrale, expliquant la contribution de ces projets \u00e0 la mise en \u00e9vidence du r\u00f4le des \u00e9minents savants et scientifiques de la r\u00e9gion dans le d\u00e9veloppement de la civilisation islamique.<\/p>\n<p>Des pr\u00e9sentations ont \u00e9t\u00e9 faites par des sp\u00e9cialistes et des d\u00e9l\u00e9gu\u00e9s de diff\u00e9rents pays, sous les th\u00e8mes des s\u00e9ances suivantes : Contributions historiques des \u00e9rudits tadjiks \u00e0 la culture islamique ; Influence des intellectuels tadjiks sur la pens\u00e9e islamique ; Les \u0153uvres de c\u00e9l\u00e8bres \u00e9rudits musulmans, dont les Tadjiks et les Perses, dans la formation d\u2019opinions tol\u00e9rantes ; Le d\u00e9veloppement de la civilisation islamique.<\/p>\n<p><a href=\"https:\/\/www.ircica.org\/wp-content\/uploads\/2024\/09\/oic-cultural-program-in-tajikistan-2.jpg\" data-rel=\"penci-gallery-image-content\" ><img fetchpriority=\"high\" decoding=\"async\" class=\"alignnone wp-image-26003 size-full\" src=\"https:\/\/www.ircica.org\/wp-content\/uploads\/2024\/09\/oic-cultural-program-in-tajikistan-2.jpg\" alt=\"\" width=\"1920\" height=\"1440\" srcset=\"https:\/\/www.ircica.org\/wp-content\/uploads\/2024\/09\/oic-cultural-program-in-tajikistan-2.jpg 1920w, https:\/\/www.ircica.org\/wp-content\/uploads\/2024\/09\/oic-cultural-program-in-tajikistan-2-688x516.jpg 688w, https:\/\/www.ircica.org\/wp-content\/uploads\/2024\/09\/oic-cultural-program-in-tajikistan-2-1230x923.jpg 1230w, https:\/\/www.ircica.org\/wp-content\/uploads\/2024\/09\/oic-cultural-program-in-tajikistan-2-520x390.jpg 520w, https:\/\/www.ircica.org\/wp-content\/uploads\/2024\/09\/oic-cultural-program-in-tajikistan-2-768x576.jpg 768w, https:\/\/www.ircica.org\/wp-content\/uploads\/2024\/09\/oic-cultural-program-in-tajikistan-2-1536x1152.jpg 1536w, https:\/\/www.ircica.org\/wp-content\/uploads\/2024\/09\/oic-cultural-program-in-tajikistan-2-1170x878.jpg 1170w, https:\/\/www.ircica.org\/wp-content\/uploads\/2024\/09\/oic-cultural-program-in-tajikistan-2-585x439.jpg 585w, https:\/\/www.ircica.org\/wp-content\/uploads\/2024\/09\/oic-cultural-program-in-tajikistan-2-375x281.jpg 375w\" sizes=\"(max-width: 1920px) 100vw, 1920px\" \/><\/a><\/p>\n","protected":false},"excerpt":{"rendered":"<p>Le Gouvernement et la R\u00e9publique du Tadjikistan ainsi que le Secr\u00e9tariat g\u00e9n\u00e9ral de l\u2019OCI ont organis\u00e9 conjointement l\u2019\u00ab\u00c9v\u00e9nement culturel de l\u2019OCI au Tadjikistan\u00bb, qui comprend une conf\u00e9rence sur le th\u00e8me&hellip;<\/p>\n","protected":false},"author":28,"featured_media":26001,"comment_status":"closed","ping_status":"closed","sticky":false,"template":"","format":"standard","meta":{"_acf_changed":false,"_mi_skip_tracking":false,"footnotes":""},"categories":[233],"tags":[],"cmcal_calendar":[],"class_list":["post-26009","post","type-post","status-publish","format-standard","has-post-thumbnail","hentry","category-conferences"],"acf":[],"aioseo_notices":[],"_links":{"self":[{"href":"https:\/\/www.ircica.org\/fr\/wp-json\/wp\/v2\/posts\/26009","targetHints":{"allow":["GET"]}}],"collection":[{"href":"https:\/\/www.ircica.org\/fr\/wp-json\/wp\/v2\/posts"}],"about":[{"href":"https:\/\/www.ircica.org\/fr\/wp-json\/wp\/v2\/types\/post"}],"author":[{"embeddable":true,"href":"https:\/\/www.ircica.org\/fr\/wp-json\/wp\/v2\/users\/28"}],"replies":[{"embeddable":true,"href":"https:\/\/www.ircica.org\/fr\/wp-json\/wp\/v2\/comments?post=26009"}],"version-history":[{"count":1,"href":"https:\/\/www.ircica.org\/fr\/wp-json\/wp\/v2\/posts\/26009\/revisions"}],"predecessor-version":[{"id":26012,"href":"https:\/\/www.ircica.org\/fr\/wp-json\/wp\/v2\/posts\/26009\/revisions\/26012"}],"wp:featuredmedia":[{"embeddable":true,"href":"https:\/\/www.ircica.org\/fr\/wp-json\/wp\/v2\/media\/26001"}],"wp:attachment":[{"href":"https:\/\/www.ircica.org\/fr\/wp-json\/wp\/v2\/media?parent=26009"}],"wp:term":[{"taxonomy":"category","embeddable":true,"href":"https:\/\/www.ircica.org\/fr\/wp-json\/wp\/v2\/categories?post=26009"},{"taxonomy":"post_tag","embeddable":true,"href":"https:\/\/www.ircica.org\/fr\/wp-json\/wp\/v2\/tags?post=26009"},{"taxonomy":"cmcal_calendar","embeddable":true,"href":"https:\/\/www.ircica.org\/fr\/wp-json\/wp\/v2\/cmcal_calendar?post=26009"}],"curies":[{"name":"wp","href":"https:\/\/api.w.org\/{rel}","templated":true}]}}