{"id":10571,"date":"2021-12-06T15:44:00","date_gmt":"2021-12-06T12:44:00","guid":{"rendered":"https:\/\/www.ircica.org\/haberler\/conference-on-the-golden-jubilee-of-the-independence-of-bangladesh-and-the-birth-centenary-of-the-father-of-the-bangladesh-nation-bangabandhu-sheikh-mujibur-rahman-highlights-of-bangladeshs-international-relations"},"modified":"2022-01-10T16:06:35","modified_gmt":"2022-01-10T13:06:35","slug":"bangladesin-bagimsizliginin-50-yili-ve-bangladesin-kurucu-lideri-bangabandhu-seyh-mucibur-rahmanin-yuzuncu-dogum-yildonumu-vesilesiyle-duzenlenen-konferansta-bangladesin-uluslararasi-iliskileri-tanitildi","status":"publish","type":"post","link":"https:\/\/www.ircica.org\/tr\/faaliyetler\/konferans\/bangladesin-bagimsizliginin-50-yili-ve-bangladesin-kurucu-lideri-bangabandhu-seyh-mucibur-rahmanin-yuzuncu-dogum-yildonumu-vesilesiyle-duzenlenen-konferansta-bangladesin-uluslararasi-iliskileri-tanitildi","title":{"rendered":"Banglade\u015f\u2019in ba\u011f\u0131ms\u0131zl\u0131\u011f\u0131n\u0131n 50. y\u0131l\u0131 ve Banglade\u015f\u2019in kurucu lideri  Bangabandhu \u015eeyh Mucibur Rahman\u2019\u0131n y\u00fcz\u00fcnc\u00fc do\u011fum y\u0131ld\u00f6n\u00fcm\u00fc vesilesiyle d\u00fczenlenen konferansta Banglade\u015f\u2019in uluslararas\u0131 ili\u015fkileri tan\u0131t\u0131ld\u0131"},"content":{"rendered":"<p>Banglade\u015f Halk Cumhuriyeti Ankara B\u00fcy\u00fckel\u00e7ili\u011fi ve \u0130stanbul \u00dcniversitesi Rekt\u00f6rl\u00fc\u011f\u00fc taraf\u0131ndan, Banglade\u015f\u2019in ba\u011f\u0131ms\u0131zl\u0131\u011f\u0131n\u0131n 50. Y\u0131l\u0131 ve kurucu lideri Bangabandhu \u015eeyh Mucibur Rahman\u2019\u0131n y\u00fcz\u00fcnc\u00fc do\u011fum y\u0131ld\u00f6n\u00fcm\u00fc vesilesiyle 6 Aral\u0131k 2021\u2019de bir kutlama program\u0131 d\u00fczenlendi. Program \u201cBanglade\u015f ile T\u00fcrkiye aras\u0131ndaki sosyal, k\u00fclt\u00fcrel ve tarih\u00ee ili\u015fkiler\u201d konulu konferans ve \u201cBangabandhu ve Banglade\u015f\u201d adl\u0131 foto\u011fraf sergisinden olu\u015fuyordu. Program s\u0131ras\u0131nda ayr\u0131ca, Mucibur Rahman\u2019\u0131n hayat\u0131 ve \u00e7al\u0131\u015fmalar\u0131 hakk\u0131nda Banglade\u015fli y\u00f6netmen Shakil Reja Efty\u2019nin haz\u0131rlad\u0131\u011f\u0131 bir belgesel de kat\u0131l\u0131mc\u0131lara sunuldu.<\/p>\n<p>\u0130stanbul \u00dcniversitesi Rekt\u00f6r\u00fc Prof. Dr. Mahmut Ak\u2019\u0131n ev sahipli\u011finde ger\u00e7ekle\u015ftirilen programda Banglade\u015f\u2019ten Devlet Bakan\u0131 Sultana Afroz, Banglade\u015f\u2019in Ankara B\u00fcy\u00fckel\u00e7isi Mosud Mannan, \u0130stanbul Ba\u015fkonsolosu Mohammad Monirul Islam ile T\u00fcrkiye\u2019den \u0130stanbul Vali Yard\u0131mc\u0131s\u0131 \u00d6zlem Bozkurt Gevrek haz\u0131r bulundular. Program vesilesiyle diplomatik ve konsolosluk temsilciliklerinin ba\u015fkanlar\u0131 ve mensuplar\u0131, sanayi ve ticaret kurum ve kurulu\u015flar\u0131n\u0131n temsilcileri bir araya geldiler. Programa davetli olarak kat\u0131lan IRCICA Genel Direkt\u00f6r\u00fc Prof. Dr. Mahmud Erol K\u0131l\u0131\u00e7 konferans\u0131n a\u00e7\u0131l\u0131\u015f\u0131nda da bir konu\u015fma yapt\u0131. \u00a0\u00a0Banglade\u015f\u2019in Ankara B\u00fcy\u00fckel\u00e7isi Mosud Mannan, \u00ab\u00a0Banglade\u015f Ulusunun Babas\u0131\u00a0\u00bb \u015eeyh Mucibur Rahman\u2019\u0131n hayat\u0131 ve siyas\u00ee m\u00fccadelesi hakk\u0131nda bir sunum yapt\u0131. Bangalde\u015f\u2019in \u0130stanbul B\u00fcy\u00fckel\u00e7isi Mohammad Monirul Islam Banglade\u015f ve T\u00fcrkiye aras\u0131ndaki ticar\u00ee ili\u015fkiler ve i\u015fbirli\u011finden s\u00f6z etti. Di\u011fer konu\u015fmac\u0131lar Banglade\u015f\u2019in uluslararas\u0131 ticar\u00ee ve s\u0131na\u00ee ili\u015fkilerindeki geli\u015fmelerden s\u00f6z ettiler.<\/p>\n<p>Konferans\u0131n a\u00e7\u0131l\u0131\u015f\u0131nda yapt\u0131\u011f\u0131 konu\u015fmada IRCICA Genel Direkt\u00f6r\u00fc B\u00fcy\u00fckel\u00e7i Prof. Dr. Mahmud Erol K\u0131l\u0131\u00e7, \u0130slam \u0130\u015fbirli\u011fi Te\u015fkilat\u0131 \u2013 \u0130\u0130T ve onun k\u00fclt\u00fcr merkezi olan IRCICA\u2019n\u0131n olu\u015fturdu\u011fu \u00e7ok tarafl\u0131 i\u015fbirli\u011fi \u00e7er\u00e7evesinde Banglade\u015f ile di\u011fer \u0130\u0130T \u00fcyesi \u00fclkelerin IRCICA faaliyetlerindeki beraberliklerinin aralar\u0131ndaki ili\u015fkilere sa\u011flad\u0131\u011f\u0131 katk\u0131lara i\u015faret etti. Banglade\u015f\u2019in \u0130\u0130T faaliyetlerine aktif kat\u0131l\u0131m\u0131na ve \u00f6zellikle IRCICA ile geli\u015ftirdi\u011fi akademik ve k\u00fclt\u00fcrel i\u015fbirli\u011fine \u00f6rnekler verdi. Bu \u00f6rneklerden baz\u0131lar\u0131 \u015funlard\u0131: Banglade\u015f D\u0131\u015fi\u015fleri Bakanl\u0131\u011f\u0131, Dhaka \u00dcniversitesi ve IRCICA taraf\u0131ndan 2008\u2019de d\u00fczenlenen \u00ab\u00a0G\u00fcney Asya\u2019da \u0130slam medeniyeti\u00a0\u00bb sempozyumu, 2018\u2019de ayn\u0131 \u00fcniversitenin \u0130slam Tarihi ve K\u00fclt\u00fcr\u00fc B\u00f6l\u00fcm\u00fc\u2019ne ba\u011fl\u0131 olarak kurulan \u201cIRCICA \u0130slam Medeniyeti \u0130ncelemeleri K\u00fcrs\u00fcs\u00fc\u201d, IRCICA\u2019n\u0131n \u0130\u0130T\u2019ye ba\u011fl\u0131 Malezya Uluslararas\u0131 \u0130slam \u00dcniversitesi ile birlikte 2018\u2019de d\u00fczenledi\u011fi \u201cG\u00fcney ve G\u00fcneydo\u011fu Asya\u2019da Vak\u0131flar\u0131n Tarihi ve Y\u00f6netimi\u201d konulu konferans\u0131n Banglade\u015f\u2019teki \u0130slam vak\u0131flar\u0131n\u0131n da ele al\u0131nd\u0131\u011f\u0131 oturumu. Ad\u0131 ge\u00e7en k\u00fcrs\u00fc ile i\u015fbirli\u011fi i\u00e7inde yeni konferanslar\u0131n planlanmakta oldu\u011funu belirten Prof. K\u0131l\u0131\u00e7, IRCICA K\u00fct\u00fcphanesinin Banglade\u015f\u2019in sanatlar\u0131, mimari eserleri, dil ve edebiyat\u0131 alanlar\u0131nda zengin bir kitap ve makale koleksiyonuna sahip oldu\u011funu da s\u00f6zlerine ekledi.<\/p>\n","protected":false},"excerpt":{"rendered":"<p>Banglade\u015f Halk Cumhuriyeti Ankara B\u00fcy\u00fckel\u00e7ili\u011fi ve \u0130stanbul \u00dcniversitesi Rekt\u00f6rl\u00fc\u011f\u00fc taraf\u0131ndan, Banglade\u015f\u2019in ba\u011f\u0131ms\u0131zl\u0131\u011f\u0131n\u0131n 50. Y\u0131l\u0131 ve kurucu lideri Bangabandhu \u015eeyh Mucibur Rahman\u2019\u0131n y\u00fcz\u00fcnc\u00fc do\u011fum y\u0131ld\u00f6n\u00fcm\u00fc vesilesiyle 6 Aral\u0131k 2021\u2019de bir kutlama&hellip;<\/p>\n","protected":false},"author":28,"featured_media":10570,"comment_status":"closed","ping_status":"closed","sticky":false,"template":"","format":"standard","meta":{"_acf_changed":false,"_mi_skip_tracking":false,"footnotes":""},"categories":[232],"tags":[],"cmcal_calendar":[],"class_list":["post-10571","post","type-post","status-publish","format-standard","has-post-thumbnail","hentry","category-konferans"],"acf":[],"aioseo_notices":[],"_links":{"self":[{"href":"https:\/\/www.ircica.org\/tr\/wp-json\/wp\/v2\/posts\/10571","targetHints":{"allow":["GET"]}}],"collection":[{"href":"https:\/\/www.ircica.org\/tr\/wp-json\/wp\/v2\/posts"}],"about":[{"href":"https:\/\/www.ircica.org\/tr\/wp-json\/wp\/v2\/types\/post"}],"author":[{"embeddable":true,"href":"https:\/\/www.ircica.org\/tr\/wp-json\/wp\/v2\/users\/28"}],"replies":[{"embeddable":true,"href":"https:\/\/www.ircica.org\/tr\/wp-json\/wp\/v2\/comments?post=10571"}],"version-history":[{"count":0,"href":"https:\/\/www.ircica.org\/tr\/wp-json\/wp\/v2\/posts\/10571\/revisions"}],"wp:featuredmedia":[{"embeddable":true,"href":"https:\/\/www.ircica.org\/tr\/wp-json\/wp\/v2\/media\/10570"}],"wp:attachment":[{"href":"https:\/\/www.ircica.org\/tr\/wp-json\/wp\/v2\/media?parent=10571"}],"wp:term":[{"taxonomy":"category","embeddable":true,"href":"https:\/\/www.ircica.org\/tr\/wp-json\/wp\/v2\/categories?post=10571"},{"taxonomy":"post_tag","embeddable":true,"href":"https:\/\/www.ircica.org\/tr\/wp-json\/wp\/v2\/tags?post=10571"},{"taxonomy":"cmcal_calendar","embeddable":true,"href":"https:\/\/www.ircica.org\/tr\/wp-json\/wp\/v2\/cmcal_calendar?post=10571"}],"curies":[{"name":"wp","href":"https:\/\/api.w.org\/{rel}","templated":true}]}}