{"id":1246,"date":"2012-02-22T00:00:00","date_gmt":"2012-02-21T22:00:00","guid":{"rendered":"https:\/\/www.ircica.net\/news\/umman-sultani-kabus-b-said-ircica-genel-direktoru-dr-halit-ereni-sultan-kabus-kultur-bilim-ve-sanat-nisani-ile-taltif-etti"},"modified":"2020-01-13T10:53:32","modified_gmt":"2020-01-13T07:53:32","slug":"umman-sultani-kabus-bin-said-ircica-genel-direktoru-prof-dr-halit-ereni-sultan-kabus-kultur-bilim-ve-sanat-nisani-ile-taltif-etti","status":"publish","type":"post","link":"https:\/\/www.ircica.org\/tr\/faaliyetler\/umman-sultani-kabus-bin-said-ircica-genel-direktoru-prof-dr-halit-ereni-sultan-kabus-kultur-bilim-ve-sanat-nisani-ile-taltif-etti","title":{"rendered":"Umman Sultan\u0131 K\u00e2bus bin Said IRCICA Genel Direkt\u00f6r\u00fc Prof. Dr. Halit Eren\u2019i Sultan K\u00e2bus K\u00fclt\u00fcr, Bilim ve Sanat Ni\u015fan\u0131 ile taltif etti"},"content":{"rendered":"<p>\u0130sl\u00e2m Tarih, Sanat ve K\u00fclt\u00fcr Ara\u015ft\u0131rma Merkezi (IRCICA) Genel Direkt\u00f6r\u00fc Prof. Dr. Halit Eren,\u00a0\u0130sl\u00e2m k\u00fclt\u00fcr\u00fc, sanat\u0131 ve bilimi sahalar\u0131ndaki \u00e7al\u0131\u015fmalar\u0131 sebebiyle ve IRCICA faaliyetleri arac\u0131l\u0131\u011f\u0131yla milletleraras\u0131 k\u00fclt\u00fcrel ili\u015fkilerin ve i\u015fbirli\u011finin geli\u015fmesine sa\u011flad\u0131\u011f\u0131 katk\u0131lardan \u00f6t\u00fcr\u00fc\u00a0Umman Sultan\u0131 K\u00e2bus b. Said taraf\u0131ndan\u00a0Sultan K\u00e2bus K\u00fclt\u00fcr, Bilim ve Sanat Ni\u015fan\u0131 ile taltif edildi. 22 \u015eubat 2012, \u00c7ar\u015famba g\u00fcn\u00fc d\u00fczenlenen merasim ile Birinci Dereceden Sultan K\u00e2bus K\u00fclt\u00fcr, Bilim ve Sanat Ni\u015fan\u0131, Sultan ad\u0131na Umman K\u00fclt\u00fcr Bakan\u0131 el-Seyyid Heysem b. Tar\u0131k \u00c2l Said taraf\u0131ndan Prof. Dr. Halit Eren\u2019e takdim edildi. \u00d6d\u00fcl takdiminde konu\u015fan K\u00fclt\u00fcr Bakan\u0131, \u201c<strong>Size Sultan K\u00e2bus b. Said\u2019in selamlar\u0131n\u0131 iletiyorum. Say\u0131n Eren, \u00e7al\u0131\u015fmalar\u0131yla bug\u00fcne kadar \u0130sl\u00e2m k\u00fclt\u00fcr\u00fcne, sanat\u0131na, medeniyetine ve \u0130slam ara\u015ft\u0131rmalar\u0131na sa\u011flad\u0131\u011f\u0131 katk\u0131lardan \u00f6t\u00fcr\u00fc ve Direkt\u00f6r\u00fc oldu\u011fu \u0130sl\u00e2m Tarih, Sanat ve K\u00fclt\u00fcr Ara\u015ft\u0131rma Merkezi\u2019nde y\u00f6netti\u011fi \u00e7ok say\u0131da uluslararas\u0131 faaliyet m\u00fcnasebetiyle uluslararas\u0131 k\u00fclt\u00fcrel ili\u015fkilerin ve kurumlar aras\u0131ndaki i\u015fbirli\u011finin geli\u015fmesi y\u00f6n\u00fcndeki katk\u0131lar\u0131 sebebiyle Sultan K\u00e2bus b. Said taraf\u0131ndan Birinci Dereceden Sultan K\u00e2bus K\u00fclt\u00fcr, Bilim ve Sanat Ni\u015fan\u0131\u2019na l\u00e2y\u0131k g\u00f6r\u00fcld\u00fc. Sultan ad\u0131na ve Sultan\u2019\u0131n selamlar\u0131yla bu ni\u015fan\u0131 size takdim ediyorum.<\/strong>\u201d dedi.<\/p>\n<p>S\u00f6zlerine devam eden Bakan \u00c2l Said, Prof. Dr. Halit Eren\u2019in Genel Direkt\u00f6r\u00fc oldu\u011fu IRCICA\u2019n\u0131n T\u00fcrkiye ile Umman aras\u0131nda bir medeniyet k\u00f6pr\u00fcs\u00fc g\u00f6revini ifa etti\u011fini belirterek iki \u00fclke aras\u0131nda kurulan bu ba\u011f\u0131n gelecekte daha da kuvvetlenmesini Umman ad\u0131na dilediklerini s\u00f6yledi.<\/p>\n<p>&nbsp;<\/p>\n<p>&nbsp;<\/p>\n","protected":false},"excerpt":{"rendered":"<p>\u0130sl\u00e2m Tarih, Sanat ve K\u00fclt\u00fcr Ara\u015ft\u0131rma Merkezi (IRCICA) Genel Direkt\u00f6r\u00fc Prof. Dr. Halit Eren,\u00a0\u0130sl\u00e2m k\u00fclt\u00fcr\u00fc, sanat\u0131 ve bilimi sahalar\u0131ndaki \u00e7al\u0131\u015fmalar\u0131 sebebiyle ve IRCICA faaliyetleri arac\u0131l\u0131\u011f\u0131yla milletleraras\u0131 k\u00fclt\u00fcrel ili\u015fkilerin ve i\u015fbirli\u011finin&hellip;<\/p>\n","protected":false},"author":1,"featured_media":4858,"comment_status":"closed","ping_status":"closed","sticky":false,"template":"","format":"standard","meta":{"_acf_changed":false,"_mi_skip_tracking":false,"footnotes":""},"categories":[10],"tags":[],"cmcal_calendar":[],"class_list":["post-1246","post","type-post","status-publish","format-standard","has-post-thumbnail","hentry","category-faaliyetler"],"acf":[],"aioseo_notices":[],"_links":{"self":[{"href":"https:\/\/www.ircica.org\/tr\/wp-json\/wp\/v2\/posts\/1246","targetHints":{"allow":["GET"]}}],"collection":[{"href":"https:\/\/www.ircica.org\/tr\/wp-json\/wp\/v2\/posts"}],"about":[{"href":"https:\/\/www.ircica.org\/tr\/wp-json\/wp\/v2\/types\/post"}],"author":[{"embeddable":true,"href":"https:\/\/www.ircica.org\/tr\/wp-json\/wp\/v2\/users\/1"}],"replies":[{"embeddable":true,"href":"https:\/\/www.ircica.org\/tr\/wp-json\/wp\/v2\/comments?post=1246"}],"version-history":[{"count":0,"href":"https:\/\/www.ircica.org\/tr\/wp-json\/wp\/v2\/posts\/1246\/revisions"}],"wp:featuredmedia":[{"embeddable":true,"href":"https:\/\/www.ircica.org\/tr\/wp-json\/wp\/v2\/media\/4858"}],"wp:attachment":[{"href":"https:\/\/www.ircica.org\/tr\/wp-json\/wp\/v2\/media?parent=1246"}],"wp:term":[{"taxonomy":"category","embeddable":true,"href":"https:\/\/www.ircica.org\/tr\/wp-json\/wp\/v2\/categories?post=1246"},{"taxonomy":"post_tag","embeddable":true,"href":"https:\/\/www.ircica.org\/tr\/wp-json\/wp\/v2\/tags?post=1246"},{"taxonomy":"cmcal_calendar","embeddable":true,"href":"https:\/\/www.ircica.org\/tr\/wp-json\/wp\/v2\/cmcal_calendar?post=1246"}],"curies":[{"name":"wp","href":"https:\/\/api.w.org\/{rel}","templated":true}]}}