{"id":12551,"date":"1980-01-01T10:05:13","date_gmt":"1980-01-01T07:05:13","guid":{"rendered":"https:\/\/www.ircica.org\/faaliyetler\/preservation-of-cultural-heritage"},"modified":"2022-03-23T16:34:53","modified_gmt":"2022-03-23T13:34:53","slug":"kultur-mimari-mirasi","status":"publish","type":"post","link":"https:\/\/www.ircica.org\/tr\/bolumler\/arastirma-yayin\/kultur-mimari-mirasi","title":{"rendered":"K\u00fclt\u00fcr &#038; Mimari Miras\u0131"},"content":{"rendered":"<p>\u0130\u0130T sistemi i\u00e7inde \u0130slam d\u00fcnyas\u0131n\u0131n k\u00fclt\u00fcr ve mimari miras\u0131 \u00fczerindeki incelemeler ve bu miras\u0131n korunmas\u0131 \u00e7al\u0131\u015fmalar\u0131 ile g\u00f6revli kurum IRCICA\u2019d\u0131r. IRCICA\u2019n\u0131n bu alandaki ama\u00e7lar\u0131ndan baz\u0131lar\u0131 \u015funlard\u0131r: \u0130slam d\u00fcnyas\u0131nda k\u00fclt\u00fcr miras\u0131 kavram\u0131n\u0131 g\u00fc\u00e7lendirmek; arkeolojik ve mimari an\u0131tlar gibi ta\u015f\u0131nmaz eserler ile tarih\u00ee elyazmalar\u0131 ve ar\u015fiv belgeleri, sanat eserleri, g\u00f6rsel-i\u015fitsel malzeme, m\u00fcze e\u015fyas\u0131 ve genel olarak t\u00fcm entelekt\u00fcel ve manev\u00ee anlam ta\u015f\u0131yan \u00fcr\u00fcnler ve ifade bi\u00e7imleri dahil madd\u00ee olan ve olmayan ta\u015f\u0131nabilir varl\u0131klar\u0131 kapsayacak \u015fekilde \u0130slam d\u00fcnyas\u0131na ait k\u00fclt\u00fcr miras\u0131 eserlerini kayda ge\u00e7irerek bunlarla ilgili bilgi kaynaklar\u0131 olu\u015fturmak. IRCICA\u2019n\u0131n k\u00fclt\u00fcr miras\u0131yla ilgili \u00e7al\u0131\u015fmalar\u0131 k\u00fclt\u00fcr miras\u0131n\u0131n restorasyonu ve korunmas\u0131 alanlar\u0131nda teorik ve pratik y\u00f6nleriyle ara\u015ft\u0131rma, konferans, at\u00f6lye, saha incelemeleri, e\u011fitim programlar\u0131 ve teknik dan\u0131\u015fmanl\u0131k gibi faaliyetleri kapsamaktad\u0131r.<\/p>\n<ul>\n<li>Kud\u00fcs ve Filistin\u2019deki \u0130slam k\u00fclt\u00fcr miras\u0131: Kud\u00fcs ve Filistin\u2019in \u0130slam tarihinin miras\u0131 olan k\u00fclt\u00fcr varl\u0131klar\u0131 hakk\u0131ndaki bilgileri ve fark\u0131ndal\u0131\u011f\u0131 d\u00fcnya kamuoyunda canl\u0131 tutmak ama\u00e7lanmaktad\u0131r. Yap\u0131lan \u00e7al\u0131\u015fmalar aras\u0131nda bu miras\u0131n korunmas\u0131 amac\u0131yla uluslararas\u0131 i\u015fbirli\u011fine zemin haz\u0131rlayan uzman toplant\u0131lar\u0131 bulunmaktad\u0131r. 2006-2015 aras\u0131nda mimari at\u00f6lyeleri, seminerler ve saha incelemelerinden olu\u015fan kapsaml\u0131 bir program ger\u00e7ekle\u015ftirilmi\u015ftir.<\/li>\n<li>Suudi Arabistan, Al-Turath \u0130slam Miras\u0131 Vakf\u0131 Ba\u015fkan\u0131 ve kurucusu olan Prens Sultan bin Selman bin Abdul Aziz Al-Saud\u2019un sponsorlu\u011fu ile IRCICA taraf\u0131ndan 2008 y\u0131l\u0131nda olu\u015fturulan \u0130slam Mimari Miras\u0131 Veri Taban\u0131 daim\u00ee bir proje \u00e7er\u00e7evesinde geli\u015ftirilmektedir. \u0130\u0130T \u00fcye devletlerinin kendilerine ait mimari miras yap\u0131lar\u0131 hakk\u0131nda sa\u011flad\u0131klar\u0131 bilgiler bu veri taban\u0131na kaydedilmektedir;<\/li>\n<li>E\u011fitim programlar\u0131: \u00fcye devletlerden gen\u00e7 profesyoneller ve lisans\u00fcst\u00fc \u00f6\u011frencileri i\u00e7in d\u00fczenlenen, \u0130slam mimari miras\u0131n\u0131n korunmas\u0131 ve y\u00f6netimi konular\u0131na odaklanm\u0131\u015f k\u0131sa d\u00f6nemli (ortalama bir ayl\u0131k) mimari e\u011fitim programlar\u0131;<\/li>\n<li>\u00c7at\u0131\u015fma b\u00f6lgelerinde tehdit alt\u0131nda bulunan, zarara ve y\u0131k\u0131ma u\u011frayan mimari, entelekt\u00fcel ve sanat miras\u0131 eserlerinin restorasyonu ve korunmas\u0131 y\u00f6n\u00fcndeki incelemeleri ve uluslararas\u0131 i\u015fbirli\u011fini te\u015fvik etmek. \u0130nceleme alanlar\u0131 aras\u0131nda Suriye, Irak, Ke\u015fmir, Azerbaycan\u2019\u0131n 2020\u2019de i\u015fgalden kurtar\u0131lan Karaba\u011f b\u00f6lgesi, Yemen, Libya ve Mali bulunmaktad\u0131r;<\/li>\n<li>\u0130\u0130T \u00fcye \u00fclkelerinin yaz\u0131l\u0131 k\u00fclt\u00fcr miras\u0131n\u0131 olu\u015fturan tarih\u00ee elyazmalar\u0131n\u0131n, sanat eserleri, arkeolojik ve di\u011fer yaz\u0131l\u0131 kay\u0131tlar\u0131n incelenmesi ve korunmas\u0131 i\u00e7in y\u00fcr\u00fct\u00fclen projeler;<\/li>\n<li>Tarih\u00ee kitaplar, elyazmalar\u0131 ve ar\u015fiv belgelerinin restorasyonu ve korunmas\u0131 konular\u0131nda \u00fcye devletlerden k\u00fct\u00fcphane ve ar\u015fiv g\u00f6revlilerinin kat\u0131ld\u0131\u011f\u0131 e\u011fitim programlar\u0131;<\/li>\n<\/ul>\n<p>T\u00fcm d\u00fcnyadaki madd\u00ee ve madd\u00ee olmayan \u0130slam k\u00fclt\u00fcr miras\u0131n\u0131n incelenmesi, restorasyonu ve korunmas\u0131 konular\u0131nda ara\u015ft\u0131rmalar\u0131, e\u011fitimi ve uluslararas\u0131 i\u015fbirli\u011fini geli\u015ftirmek. Bu ama\u00e7la \u0130\u0130T Genel Sekreterli\u011fi, \u00fcye devletler ve\/veya uluslararas\u0131 kurulu\u015flar ile i\u015fbirli\u011fi i\u00e7inde konferans, yay\u0131n, sergi vb. faaliyetler d\u00fczenlenmektedir.<\/p>\n<p><a href=\"https:\/\/www.ircica.org\/wp-content\/uploads\/1980\/01\/preservation-of-cultural-heritage-3.jpg\" data-rel=\"penci-gallery-image-content\" ><img fetchpriority=\"high\" decoding=\"async\" class=\"alignnone wp-image-12354\" src=\"https:\/\/www.ircica.org\/wp-content\/uploads\/1980\/01\/preservation-of-cultural-heritage-3-1230x1325.jpg\" alt=\"\" width=\"302\" height=\"325\" srcset=\"https:\/\/www.ircica.org\/wp-content\/uploads\/1980\/01\/preservation-of-cultural-heritage-3-1230x1325.jpg 1230w, https:\/\/www.ircica.org\/wp-content\/uploads\/1980\/01\/preservation-of-cultural-heritage-3-1170x1261.jpg 1170w, https:\/\/www.ircica.org\/wp-content\/uploads\/1980\/01\/preservation-of-cultural-heritage-3-585x630.jpg 585w, https:\/\/www.ircica.org\/wp-content\/uploads\/1980\/01\/preservation-of-cultural-heritage-3-375x404.jpg 375w, https:\/\/www.ircica.org\/wp-content\/uploads\/1980\/01\/preservation-of-cultural-heritage-3.jpg 1920w\" sizes=\"(max-width: 302px) 100vw, 302px\" \/><\/a> <a href=\"https:\/\/www.ircica.com\/wp-content\/uploads\/1980\/01\/preservation-of-cultural-heritage-4.jpg\" data-rel=\"penci-gallery-image-content\" ><img decoding=\"async\" class=\"alignnone wp-image-12358\" src=\"https:\/\/www.ircica.com\/wp-content\/uploads\/1980\/01\/preservation-of-cultural-heritage-4.jpg\" alt=\"\" width=\"297\" height=\"326\" srcset=\"https:\/\/www.ircica.org\/wp-content\/uploads\/1980\/01\/preservation-of-cultural-heritage-4.jpg 1920w, https:\/\/www.ircica.org\/wp-content\/uploads\/1980\/01\/preservation-of-cultural-heritage-4-1230x1352.jpg 1230w, https:\/\/www.ircica.org\/wp-content\/uploads\/1980\/01\/preservation-of-cultural-heritage-4-1170x1286.jpg 1170w, https:\/\/www.ircica.org\/wp-content\/uploads\/1980\/01\/preservation-of-cultural-heritage-4-585x643.jpg 585w, https:\/\/www.ircica.org\/wp-content\/uploads\/1980\/01\/preservation-of-cultural-heritage-4-375x412.jpg 375w\" sizes=\"(max-width: 297px) 100vw, 297px\" \/><\/a><a href=\"https:\/\/www.ircica.org\/wp-content\/uploads\/1980\/01\/preservation-of-cultural-heritage-1.jpg\" data-rel=\"penci-gallery-image-content\" ><img decoding=\"async\" class=\"alignnone wp-image-12362\" src=\"https:\/\/www.ircica.org\/wp-content\/uploads\/1980\/01\/preservation-of-cultural-heritage-1-1230x1623.jpg\" alt=\"\" width=\"246\" height=\"325\" srcset=\"https:\/\/www.ircica.org\/wp-content\/uploads\/1980\/01\/preservation-of-cultural-heritage-1-1230x1623.jpg 1230w, https:\/\/www.ircica.org\/wp-content\/uploads\/1980\/01\/preservation-of-cultural-heritage-1-1170x1544.jpg 1170w, https:\/\/www.ircica.org\/wp-content\/uploads\/1980\/01\/preservation-of-cultural-heritage-1-585x772.jpg 585w, https:\/\/www.ircica.org\/wp-content\/uploads\/1980\/01\/preservation-of-cultural-heritage-1-375x495.jpg 375w, https:\/\/www.ircica.org\/wp-content\/uploads\/1980\/01\/preservation-of-cultural-heritage-1.jpg 1920w\" sizes=\"(max-width: 246px) 100vw, 246px\" \/><\/a> <a href=\"https:\/\/www.ircica.org\/wp-content\/uploads\/1980\/01\/preservation-of-cultural-heritage-2.jpg\" data-rel=\"penci-gallery-image-content\" ><img loading=\"lazy\" decoding=\"async\" class=\"alignnone wp-image-12366\" src=\"https:\/\/www.ircica.org\/wp-content\/uploads\/1980\/01\/preservation-of-cultural-heritage-2-1230x1707.jpg\" alt=\"\" width=\"234\" height=\"325\" srcset=\"https:\/\/www.ircica.org\/wp-content\/uploads\/1980\/01\/preservation-of-cultural-heritage-2-1230x1707.jpg 1230w, https:\/\/www.ircica.org\/wp-content\/uploads\/1980\/01\/preservation-of-cultural-heritage-2-1170x1623.jpg 1170w, https:\/\/www.ircica.org\/wp-content\/uploads\/1980\/01\/preservation-of-cultural-heritage-2-585x812.jpg 585w, https:\/\/www.ircica.org\/wp-content\/uploads\/1980\/01\/preservation-of-cultural-heritage-2-375x520.jpg 375w, https:\/\/www.ircica.org\/wp-content\/uploads\/1980\/01\/preservation-of-cultural-heritage-2.jpg 1920w\" sizes=\"(max-width: 234px) 100vw, 234px\" \/><\/a><\/p>\n<p><a href=\"https:\/\/www.ircica.org\/wp-content\/uploads\/cultural-architectural-heritage.jpg\" data-rel=\"penci-gallery-image-content\" ><img loading=\"lazy\" decoding=\"async\" class=\"aligncenter size-large wp-image-16373\" src=\"https:\/\/www.ircica.org\/wp-content\/uploads\/\/cultural-architectural-heritage-1230x901.jpg\" alt=\"\" width=\"1170\" height=\"857\" srcset=\"https:\/\/www.ircica.org\/wp-content\/uploads\/cultural-architectural-heritage-1230x901.jpg 1230w, https:\/\/www.ircica.org\/wp-content\/uploads\/cultural-architectural-heritage-1170x857.jpg 1170w, https:\/\/www.ircica.org\/wp-content\/uploads\/cultural-architectural-heritage-585x429.jpg 585w, https:\/\/www.ircica.org\/wp-content\/uploads\/cultural-architectural-heritage-375x275.jpg 375w, https:\/\/www.ircica.org\/wp-content\/uploads\/cultural-architectural-heritage.jpg 1920w\" sizes=\"(max-width: 1170px) 100vw, 1170px\" \/><\/a><\/p>\n","protected":false},"excerpt":{"rendered":"<p>\u0130\u0130T sistemi i\u00e7inde \u0130slam d\u00fcnyas\u0131n\u0131n k\u00fclt\u00fcr ve mimari miras\u0131 \u00fczerindeki incelemeler ve bu miras\u0131n korunmas\u0131 \u00e7al\u0131\u015fmalar\u0131 ile g\u00f6revli kurum IRCICA\u2019d\u0131r. IRCICA\u2019n\u0131n bu alandaki ama\u00e7lar\u0131ndan baz\u0131lar\u0131 \u015funlard\u0131r: \u0130slam d\u00fcnyas\u0131nda k\u00fclt\u00fcr miras\u0131&hellip;<\/p>\n","protected":false},"author":1,"featured_media":16725,"comment_status":"closed","ping_status":"closed","sticky":false,"template":"","format":"standard","meta":{"_acf_changed":false,"_mi_skip_tracking":false,"footnotes":""},"categories":[257],"tags":[],"cmcal_calendar":[],"class_list":["post-12551","post","type-post","status-publish","format-standard","has-post-thumbnail","hentry","category-arastirma-yayin"],"acf":[],"aioseo_notices":[],"_links":{"self":[{"href":"https:\/\/www.ircica.org\/tr\/wp-json\/wp\/v2\/posts\/12551","targetHints":{"allow":["GET"]}}],"collection":[{"href":"https:\/\/www.ircica.org\/tr\/wp-json\/wp\/v2\/posts"}],"about":[{"href":"https:\/\/www.ircica.org\/tr\/wp-json\/wp\/v2\/types\/post"}],"author":[{"embeddable":true,"href":"https:\/\/www.ircica.org\/tr\/wp-json\/wp\/v2\/users\/1"}],"replies":[{"embeddable":true,"href":"https:\/\/www.ircica.org\/tr\/wp-json\/wp\/v2\/comments?post=12551"}],"version-history":[{"count":0,"href":"https:\/\/www.ircica.org\/tr\/wp-json\/wp\/v2\/posts\/12551\/revisions"}],"wp:featuredmedia":[{"embeddable":true,"href":"https:\/\/www.ircica.org\/tr\/wp-json\/wp\/v2\/media\/16725"}],"wp:attachment":[{"href":"https:\/\/www.ircica.org\/tr\/wp-json\/wp\/v2\/media?parent=12551"}],"wp:term":[{"taxonomy":"category","embeddable":true,"href":"https:\/\/www.ircica.org\/tr\/wp-json\/wp\/v2\/categories?post=12551"},{"taxonomy":"post_tag","embeddable":true,"href":"https:\/\/www.ircica.org\/tr\/wp-json\/wp\/v2\/tags?post=12551"},{"taxonomy":"cmcal_calendar","embeddable":true,"href":"https:\/\/www.ircica.org\/tr\/wp-json\/wp\/v2\/cmcal_calendar?post=12551"}],"curies":[{"name":"wp","href":"https:\/\/api.w.org\/{rel}","templated":true}]}}