{"id":1295,"date":"2015-12-18T00:00:00","date_gmt":"2015-12-17T22:00:00","guid":{"rendered":"https:\/\/www.ircica.net\/news\/birlesmis-milletler-ve-islam-isbirligi-teskilatinin-kudus-meselesi-uluslararasi-konferansi-vesilesiyle-ircicadan-kudus-konulu-sergi-endonezya-14-16-aralik-2015"},"modified":"2019-03-25T17:57:06","modified_gmt":"2019-03-25T14:57:06","slug":"birlesmis-milletler-ve-islam-isbirligi-teskilatinin-kudus-meselesi-uluslararasi-konferansi-vesilesiyle-ircicadan-kudus-konulu-sergi-endonezya-14-16-aralik-2015","status":"publish","type":"post","link":"https:\/\/www.ircica.org\/tr\/faaliyetler\/birlesmis-milletler-ve-islam-isbirligi-teskilatinin-kudus-meselesi-uluslararasi-konferansi-vesilesiyle-ircicadan-kudus-konulu-sergi-endonezya-14-16-aralik-2015","title":{"rendered":"Birle\u015fmi\u015f Milletler ve \u0130slam \u0130\u015fbirli\u011fi Te\u015fkilat\u0131n\u0131n \u201cKud\u00fcs Meselesi Uluslararas\u0131 Konferans\u0131\u201d vesilesiyle IRCICA\u2019dan Kud\u00fcs konulu sergi  &#8211; Endonezya, 14-16 Aral\u0131k 2015"},"content":{"rendered":"<p>Birle\u015fmi\u015f Milletler Te\u015fkilat\u0131 ile \u0130slam \u0130\u015fbirli\u011fi Te\u015fkilat\u0131 taraf\u0131ndan d\u00fczenlenen \u201cKud\u00fcs Meselesi Uluslararas\u0131 Konferans\u0131\u201d Endonezya\u2019n\u0131n ba\u015fkenti Cakarta\u2019da 14-16 Aral\u0131k 2015 tarihlerinde topland\u0131. Konferans vesilesiyle IRCICA ile Filistin Devleti Cakarta B\u00fcy\u00fckel\u00e7ili\u011fi ve Endonezya D\u0131\u015fi\u015fleri Bakanl\u0131\u011f\u0131 taraf\u0131ndan, IRCICA ar\u015fivlerinden derlenen tarihi foto\u011fraflarla \u201cKud\u00fcs: Tarih ve Medeniyet\u201d konulu bir sergi a\u00e7\u0131ld\u0131. Endonezya E\u011fitim ve K\u00fclt\u00fcr Bakanl\u0131\u011f\u0131na ba\u011fl\u0131 Endonezya Ulusal Galerisinde d\u00fczenlenen sergide tarih\u00ee belge niteli\u011finde 50 foto\u011fraf, 16-20 Aral\u0131k 2015 tarihleri aras\u0131nda ziyarete a\u00e7\u0131ld\u0131. Serginin a\u00e7\u0131l\u0131\u015f\u0131nda IRCICA Genel Direkt\u00f6r\u00fc Dr. Halit Eren, Filistin Devleti Cakarta B\u00fcy\u00fckel\u00e7isi Fariz N. Mehdavi ve Cakarta Vali Yard\u0131mc\u0131s\u0131 K\u00fclt\u00fcr ve Turizm ile g\u00f6revli Prof. Dr. Sylviana Murni birer konu\u015fma yapt\u0131lar. Serginin\u00a0 a\u00e7\u0131l\u0131\u015f\u0131nda \u0130slam \u0130\u015fbirli\u011fi Te\u015fkilat\u0131 \u00fcye devletlerinin Cakarta B\u00fcy\u00fckel\u00e7ileri de haz\u0131r bulundular. Sergide tarih\u00ee foto\u011fraflar\u0131n yan\u0131 s\u0131ra S\u00fcleyman G\u00fcnd\u00fcz taraf\u0131ndan \u00e7ekilen, g\u00fcn\u00fcm\u00fcz Kud\u00fcs foto\u011fraflar\u0131 da yer ald\u0131.<br \/>\nKonferans d\u00f6neminde \u0130slam \u0130\u015fbirli\u011fi Te\u015fkilat\u0131 Genel Sekreteri \u0130yad Amin Madani ve IRCICA Genel Direkt\u00f6r\u00fc Dr. Halit Eren, Endonezya E\u011fitim ve K\u00fclt\u00fcr Bakan\u0131 Anies Baswedan\u2019a nezaket ziyaretinde bulundular. G\u00f6r\u00fc\u015fmede IRCICA\u2019s k\u00fclt\u00fcr alan\u0131ndaki mevcut ve gelecekteki \u00e7al\u0131\u015fmalar\u0131na de\u011finildi.<br \/>\n.Dr. Halit Eren ayr\u0131ca, 2004-2014 aras\u0131nda g\u00f6rev yapan, eski Endonezya Cumhurba\u015fkan\u0131 Sisilo Bambang Yodyono\u2019yu ziyaret etti.<\/p>\n","protected":false},"excerpt":{"rendered":"<p>Birle\u015fmi\u015f Milletler Te\u015fkilat\u0131 ile \u0130slam \u0130\u015fbirli\u011fi Te\u015fkilat\u0131 taraf\u0131ndan d\u00fczenlenen \u201cKud\u00fcs Meselesi Uluslararas\u0131 Konferans\u0131\u201d Endonezya\u2019n\u0131n ba\u015fkenti Cakarta\u2019da 14-16 Aral\u0131k 2015 tarihlerinde topland\u0131. Konferans vesilesiyle IRCICA ile Filistin Devleti Cakarta B\u00fcy\u00fckel\u00e7ili\u011fi ve&hellip;<\/p>\n","protected":false},"author":1,"featured_media":1296,"comment_status":"closed","ping_status":"closed","sticky":false,"template":"","format":"standard","meta":{"_acf_changed":false,"_mi_skip_tracking":false,"footnotes":""},"categories":[1],"tags":[],"cmcal_calendar":[],"class_list":["post-1295","post","type-post","status-publish","format-standard","has-post-thumbnail","hentry","category-activities"],"acf":[],"aioseo_notices":[],"_links":{"self":[{"href":"https:\/\/www.ircica.org\/tr\/wp-json\/wp\/v2\/posts\/1295","targetHints":{"allow":["GET"]}}],"collection":[{"href":"https:\/\/www.ircica.org\/tr\/wp-json\/wp\/v2\/posts"}],"about":[{"href":"https:\/\/www.ircica.org\/tr\/wp-json\/wp\/v2\/types\/post"}],"author":[{"embeddable":true,"href":"https:\/\/www.ircica.org\/tr\/wp-json\/wp\/v2\/users\/1"}],"replies":[{"embeddable":true,"href":"https:\/\/www.ircica.org\/tr\/wp-json\/wp\/v2\/comments?post=1295"}],"version-history":[{"count":0,"href":"https:\/\/www.ircica.org\/tr\/wp-json\/wp\/v2\/posts\/1295\/revisions"}],"wp:featuredmedia":[{"embeddable":true,"href":"https:\/\/www.ircica.org\/tr\/wp-json\/wp\/v2\/media\/1296"}],"wp:attachment":[{"href":"https:\/\/www.ircica.org\/tr\/wp-json\/wp\/v2\/media?parent=1295"}],"wp:term":[{"taxonomy":"category","embeddable":true,"href":"https:\/\/www.ircica.org\/tr\/wp-json\/wp\/v2\/categories?post=1295"},{"taxonomy":"post_tag","embeddable":true,"href":"https:\/\/www.ircica.org\/tr\/wp-json\/wp\/v2\/tags?post=1295"},{"taxonomy":"cmcal_calendar","embeddable":true,"href":"https:\/\/www.ircica.org\/tr\/wp-json\/wp\/v2\/cmcal_calendar?post=1295"}],"curies":[{"name":"wp","href":"https:\/\/api.w.org\/{rel}","templated":true}]}}