{"id":1311,"date":"2016-08-01T00:00:00","date_gmt":"2016-07-31T21:00:00","guid":{"rendered":"https:\/\/www.ircica.net\/news\/ircica-genel-direktoru-doc-dr-halit-erenin-turkiye-cumhuriyeti-cumhurbaskani-sayin-recep-tayyip-erdogana-gonderdigi-15-temmuz-darbe-girisimini-kinama-ve-gecmis-olsun-mesaji"},"modified":"2019-03-25T17:55:44","modified_gmt":"2019-03-25T14:55:44","slug":"ircica-genel-direktoru-doc-dr-halit-erenin-turkiye-cumhuriyeti-cumhurbaskani-sayin-recep-tayyip-erdogana-gonderdigi-15-temmuz-darbe-girisimini-kinama-ve-gecmis-olsun-mesaji","status":"publish","type":"post","link":"https:\/\/www.ircica.org\/tr\/faaliyetler\/ircica-genel-direktoru-doc-dr-halit-erenin-turkiye-cumhuriyeti-cumhurbaskani-sayin-recep-tayyip-erdogana-gonderdigi-15-temmuz-darbe-girisimini-kinama-ve-gecmis-olsun-mesaji","title":{"rendered":"IRCICA Genel Direkt\u00f6r\u00fc Do\u00e7. Dr. Halit Eren&#8217;in T\u00fcrkiye Cumhuriyeti Cumhurba\u015fkan\u0131 Say\u0131n Recep Tayyip Erdo\u011fan&#8217;a g\u00f6nderdi\u011fi 15 Temmuz darbe giri\u015fimini k\u0131nama ve ge\u00e7mi\u015f olsun mesaj\u0131"},"content":{"rendered":"<p>Say\u0131n Recep Tayyip Erdo\u011fan<br \/>\nT\u00fcrkiye Cumhuriyeti Cumhurba\u015fkan\u0131<\/p>\n<p>21 Temmuz 2016<\/p>\n<p>Muhterem Cumhurba\u015fkan\u0131m,<\/p>\n<p>\u0130slam k\u00fclt\u00fcr ve medeniyeti sahas\u0131ndaki ara\u015ft\u0131rma ve incelemeleriyle t\u00fcm d\u00fcnyada \u0130slam medeniyetinin daha iyi anla\u015f\u0131lmas\u0131 amac\u0131yla \u00e7al\u0131\u015fan, \u0130slam \u0130\u015fbirli\u011fi Te\u015fkilat\u0131na ba\u011fl\u0131 \u0130slam Tarih, Sanat ve K\u00fclt\u00fcr Ara\u015ft\u0131rma Merkezi\u2019nin (IRCICA) mensuplar\u0131 ve \u015fahs\u0131m ad\u0131na, 15 Temmuz g\u00fcn\u00fc ak\u015fam\u0131nda g\u00f6z\u00fc d\u00f6nm\u00fc\u015f hain FET\u00d6\/PDY \u00e7ete mensuplar\u0131 taraf\u0131ndan kalk\u0131\u015f\u0131lm\u0131\u015f olan menfur darbe te\u015febb\u00fcs\u00fcn\u00fc \u015fiddetle ve nefretle k\u0131nad\u0131\u011f\u0131m\u0131z\u0131 ifade etmek isterim. Ekonomik kalk\u0131nmas\u0131ndan sosyal bar\u0131\u015f\u0131na kadar hemen her alanda \u00f6rnek bir \u00fclke olan T\u00fcrkiye\u2019nin d\u00fcnyadaki imaj\u0131n\u0131 zedeleyen bu hainler \u00fclkemizde h\u00fcrriyeti, demokrasiyi ve milletimizin gelece\u011fini karartarak ipotek alt\u0131na almay\u0131 ve ba\u011f\u0131ms\u0131zl\u0131\u011f\u0131m\u0131z\u0131 hedef alm\u0131\u015ft\u0131r.<\/p>\n<p>Zat-\u0131 alinizin y\u00fcr\u00fctm\u00fc\u015f oldu\u011funuz g\u00fc\u00e7l\u00fc ve dirayetli y\u00f6netimin ve milletimizin Reis-i Cumhuruna y\u00fcrekten ba\u011fl\u0131l\u0131\u011f\u0131 ve dik duru\u015fu sayesinde bu al\u00e7ak\u00e7a te\u015febb\u00fcs akamete u\u011frat\u0131lm\u0131\u015ft\u0131r. Bunda \u015f\u00fcphesiz, milletimizin Allah (C.C.) iman\u0131 ve zat-\u0131 alinize olan tam ve derin ba\u011fl\u0131l\u0131\u011f\u0131n\u0131n ve bunun e\u015fi g\u00f6r\u00fclmemi\u015f samimiyet derecesindeki tezah\u00fcrlerinin pay\u0131 b\u00fcy\u00fckt\u00fcr.<\/p>\n<p>Bundan sonra t\u00fcm g\u00fc\u00e7l\u00fckleri yenerek birli\u011fi ve beraberli\u011fi daha da sa\u011flamla\u015fm\u0131\u015f bir millet olarak huzurlu ve parlak bir gelece\u011fe do\u011fru ilerlemeye devam edece\u011fimize inan\u0131yorum.<\/p>\n<p>Allah (C.C.) yar ve yard\u0131mc\u0131n\u0131z olsun; daima ba\u015far\u0131lar ve kolayl\u0131klar diler, en derin sayg\u0131lar\u0131m\u0131 sunar\u0131m.<\/p>\n<p>Do\u00e7. Dr. Halit Eren<br \/>\nIRCICA Genel Direkt\u00f6r\u00fc<\/p>\n<p>&nbsp;<\/p>\n","protected":false},"excerpt":{"rendered":"<p>Say\u0131n Recep Tayyip Erdo\u011fan T\u00fcrkiye Cumhuriyeti Cumhurba\u015fkan\u0131 21 Temmuz 2016 Muhterem Cumhurba\u015fkan\u0131m, \u0130slam k\u00fclt\u00fcr ve medeniyeti sahas\u0131ndaki ara\u015ft\u0131rma ve incelemeleriyle t\u00fcm d\u00fcnyada \u0130slam medeniyetinin daha iyi anla\u015f\u0131lmas\u0131 amac\u0131yla \u00e7al\u0131\u015fan, \u0130slam&hellip;<\/p>\n","protected":false},"author":1,"featured_media":1312,"comment_status":"closed","ping_status":"closed","sticky":false,"template":"","format":"standard","meta":{"_acf_changed":false,"_mi_skip_tracking":false,"footnotes":""},"categories":[1],"tags":[],"cmcal_calendar":[],"class_list":["post-1311","post","type-post","status-publish","format-standard","has-post-thumbnail","hentry","category-activities"],"acf":[],"aioseo_notices":[],"_links":{"self":[{"href":"https:\/\/www.ircica.org\/tr\/wp-json\/wp\/v2\/posts\/1311","targetHints":{"allow":["GET"]}}],"collection":[{"href":"https:\/\/www.ircica.org\/tr\/wp-json\/wp\/v2\/posts"}],"about":[{"href":"https:\/\/www.ircica.org\/tr\/wp-json\/wp\/v2\/types\/post"}],"author":[{"embeddable":true,"href":"https:\/\/www.ircica.org\/tr\/wp-json\/wp\/v2\/users\/1"}],"replies":[{"embeddable":true,"href":"https:\/\/www.ircica.org\/tr\/wp-json\/wp\/v2\/comments?post=1311"}],"version-history":[{"count":0,"href":"https:\/\/www.ircica.org\/tr\/wp-json\/wp\/v2\/posts\/1311\/revisions"}],"wp:featuredmedia":[{"embeddable":true,"href":"https:\/\/www.ircica.org\/tr\/wp-json\/wp\/v2\/media\/1312"}],"wp:attachment":[{"href":"https:\/\/www.ircica.org\/tr\/wp-json\/wp\/v2\/media?parent=1311"}],"wp:term":[{"taxonomy":"category","embeddable":true,"href":"https:\/\/www.ircica.org\/tr\/wp-json\/wp\/v2\/categories?post=1311"},{"taxonomy":"post_tag","embeddable":true,"href":"https:\/\/www.ircica.org\/tr\/wp-json\/wp\/v2\/tags?post=1311"},{"taxonomy":"cmcal_calendar","embeddable":true,"href":"https:\/\/www.ircica.org\/tr\/wp-json\/wp\/v2\/cmcal_calendar?post=1311"}],"curies":[{"name":"wp","href":"https:\/\/api.w.org\/{rel}","templated":true}]}}