{"id":1318,"date":"2017-05-08T00:00:00","date_gmt":"2017-05-07T21:00:00","guid":{"rendered":"https:\/\/www.ircica.net\/news\/islam-isbirligi-teskilati-genel-sekreteri-dr-yousef-bin-ahmed-al-othaimeen-istanbul-yildiz-sarayinda-ircicayi-ziyaret-etti"},"modified":"2019-03-25T17:53:55","modified_gmt":"2019-03-25T14:53:55","slug":"islam-isbirligi-teskilati-genel-sekreteri-dr-yousef-bin-ahmed-al-othaimeen-istanbul-yildiz-sarayinda-ircicayi-ziyaret-etti","status":"publish","type":"post","link":"https:\/\/www.ircica.org\/tr\/faaliyetler\/islam-isbirligi-teskilati-genel-sekreteri-dr-yousef-bin-ahmed-al-othaimeen-istanbul-yildiz-sarayinda-ircicayi-ziyaret-etti","title":{"rendered":"\u0130slam \u0130\u015fbirli\u011fi Te\u015fkilat\u0131 Genel Sekreteri Dr. Yousef bin Ahmed al-Othaimeen \u0130stanbul Y\u0131ld\u0131z Saray\u0131nda IRCICA\u2019y\u0131 ziyaret etti"},"content":{"rendered":"<p>\u0130stanbul\u2019da T\u00fcrkiye Cumhurba\u015fkanl\u0131\u011f\u0131 himayelerinde d\u00fczenlenen Vak\u0131flar Haftas\u0131 A\u00e7\u0131l\u0131\u015f\u0131 ve Uluslararas\u0131 Kud\u00fcs Vak\u0131flar\u0131 Forumu\u2019na kat\u0131lan \u0130slam \u0130\u015fbirli\u011fi Te\u015fkilat\u0131 Genel Sekreteri Dr. Yousef bin Ahmed al-Othaimeen, Y\u0131ld\u0131z Saray\u0131\u2019nda bulunan, \u0130slam \u0130\u015fbirli\u011fi Te\u015fkilat\u0131\u2019n\u0131n k\u00fclt\u00fcr ara\u015ft\u0131rmalar\u0131 kurumu \u0130slam Tarih, Sanat ve K\u00fclt\u00fcr Ara\u015ft\u0131rma Merkezi IRCICA\u2019y\u0131 ziyaret etti.<\/p>\n<p>8 May\u0131s\u2019ta Vak\u0131flar Haftas\u0131\u2019n\u0131n ve Forumun a\u00e7\u0131l\u0131\u015f\u0131n\u0131 m\u00fcteakiben IRCICA\u2019ya gelen Genel Sekreter \u00f6nce IRCICA Genel Direkt\u00f6r\u00fc Dr. Halit Eren ile bir g\u00f6r\u00fc\u015fme yapt\u0131. Daha sonra Dr. Eren Genel Sekretere IRCICA\u2019n\u0131n k\u00fct\u00fcphanesini gezdirdi ve kitap koleksiyonlar\u0131 hakk\u0131nda bilgi verdi. Ard\u0131ndan \u00c7it Kasr\u0131\u2019ndaki konferans salonunda IRCICA\u2019da g\u00f6revli uzmanlar ile tan\u0131\u015fan Dr. al-Othaimeen\u2019e Genel Direkt\u00f6r taraf\u0131ndan, Merkezin \u015fiar\u0131 olarak benimsenmi\u015f olan, Kur\u2019an-\u0131 Kerim\u2019in 49. Suresi, 13. Ayetinin yaz\u0131l\u0131 oldu\u011fu bir levha bu ziyaretin an\u0131s\u0131 olarak sunuldu.<\/p>\n<p>Dr. Al-Othaimeen \u0130slam \u0130\u015fbirli\u011fi Te\u015fkilat\u0131 Genel Sekreterli\u011fi g\u00f6revine Te\u015fkilat \u00fcyesi \u00fclkeler taraf\u0131ndan Kas\u0131m 2016\u2019da tayin edilmi\u015fti.<\/p>\n<p><a href=\"https:\/\/www.ircica.net\/wp-content\/uploads\/2019\/03\/islam-isbirligi-teskilati-genel-sekreteri-dr-yousef-bin-ahmed-al-othaimeen-istanbul-yildiz-sarayinda-ircicayi-ziyaret-etti-1.jpg\" data-rel=\"penci-gallery-image-content\" ><img fetchpriority=\"high\" decoding=\"async\" class=\"alignnone\" src=\"https:\/\/www.ircica.net\/wp-content\/uploads\/2019\/03\/islam-isbirligi-teskilati-genel-sekreteri-dr-yousef-bin-ahmed-al-othaimeen-istanbul-yildiz-sarayinda-ircicayi-ziyaret-etti-1.jpg\" alt=\"\" width=\"1920\" height=\"1272\" \/><\/a><\/p>\n","protected":false},"excerpt":{"rendered":"<p>\u0130stanbul\u2019da T\u00fcrkiye Cumhurba\u015fkanl\u0131\u011f\u0131 himayelerinde d\u00fczenlenen Vak\u0131flar Haftas\u0131 A\u00e7\u0131l\u0131\u015f\u0131 ve Uluslararas\u0131 Kud\u00fcs Vak\u0131flar\u0131 Forumu\u2019na kat\u0131lan \u0130slam \u0130\u015fbirli\u011fi Te\u015fkilat\u0131 Genel Sekreteri Dr. Yousef bin Ahmed al-Othaimeen, Y\u0131ld\u0131z Saray\u0131\u2019nda bulunan, \u0130slam \u0130\u015fbirli\u011fi Te\u015fkilat\u0131\u2019n\u0131n&hellip;<\/p>\n","protected":false},"author":1,"featured_media":1323,"comment_status":"closed","ping_status":"closed","sticky":false,"template":"","format":"standard","meta":{"_acf_changed":false,"_mi_skip_tracking":false,"footnotes":""},"categories":[1],"tags":[],"cmcal_calendar":[],"class_list":["post-1318","post","type-post","status-publish","format-standard","has-post-thumbnail","hentry","category-activities"],"acf":[],"aioseo_notices":[],"_links":{"self":[{"href":"https:\/\/www.ircica.org\/tr\/wp-json\/wp\/v2\/posts\/1318","targetHints":{"allow":["GET"]}}],"collection":[{"href":"https:\/\/www.ircica.org\/tr\/wp-json\/wp\/v2\/posts"}],"about":[{"href":"https:\/\/www.ircica.org\/tr\/wp-json\/wp\/v2\/types\/post"}],"author":[{"embeddable":true,"href":"https:\/\/www.ircica.org\/tr\/wp-json\/wp\/v2\/users\/1"}],"replies":[{"embeddable":true,"href":"https:\/\/www.ircica.org\/tr\/wp-json\/wp\/v2\/comments?post=1318"}],"version-history":[{"count":0,"href":"https:\/\/www.ircica.org\/tr\/wp-json\/wp\/v2\/posts\/1318\/revisions"}],"wp:featuredmedia":[{"embeddable":true,"href":"https:\/\/www.ircica.org\/tr\/wp-json\/wp\/v2\/media\/1323"}],"wp:attachment":[{"href":"https:\/\/www.ircica.org\/tr\/wp-json\/wp\/v2\/media?parent=1318"}],"wp:term":[{"taxonomy":"category","embeddable":true,"href":"https:\/\/www.ircica.org\/tr\/wp-json\/wp\/v2\/categories?post=1318"},{"taxonomy":"post_tag","embeddable":true,"href":"https:\/\/www.ircica.org\/tr\/wp-json\/wp\/v2\/tags?post=1318"},{"taxonomy":"cmcal_calendar","embeddable":true,"href":"https:\/\/www.ircica.org\/tr\/wp-json\/wp\/v2\/cmcal_calendar?post=1318"}],"curies":[{"name":"wp","href":"https:\/\/api.w.org\/{rel}","templated":true}]}}