{"id":1345,"date":"2017-09-11T00:00:00","date_gmt":"2017-09-10T21:00:00","guid":{"rendered":"https:\/\/www.ircica.net\/news\/islam-isbirligi-teskilati-iit-bilim-ve-teknoloji-zirvesi"},"modified":"2019-03-25T17:07:37","modified_gmt":"2019-03-25T14:07:37","slug":"islam-isbirligi-teskilati-iit-bilim-ve-teknoloji-zirvesi","status":"publish","type":"post","link":"https:\/\/www.ircica.org\/tr\/faaliyetler\/islam-isbirligi-teskilati-iit-bilim-ve-teknoloji-zirvesi","title":{"rendered":"\u0130slam \u0130\u015fbirli\u011fi Te\u015fkilat\u0131 (\u0130\u0130T) Bilim ve Teknoloji Zirvesi"},"content":{"rendered":"<p>\u0130slam \u0130\u015fbirli\u011fi Te\u015fkilat\u0131 (\u0130\u0130T) taraf\u0131ndan ilk kez organize edilen \u201c<strong>\u0130\u0130T Bilim ve Teknoloji Zirvesi<\/strong>\u201d 10-11 Eyl\u00fcl 2017 tarihlerinde Kazakistan\u2019\u0131n ba\u015fkenti Astana\u2019da bulunan Ba\u011f\u0131ms\u0131zl\u0131k Saray\u0131\u2019nda ger\u00e7ekle\u015ftirildi. Zirveye 13. \u0130slam \u0130\u015fbirli\u011fi Te\u015fkilat\u0131 Zirvesi Ba\u015fkan\u0131 s\u0131fat\u0131yla T.C. Cumhurba\u015fkan\u0131 Say\u0131n Recep Tayyip Erdo\u011fan, Kazakistan Cumhurba\u015fkan\u0131 Say\u0131n Nursultan Nazarbayev, Pakistan Cumhurba\u015fkan\u0131 Say\u0131n Memnun H\u00fcseyin, Azerbaycan Cumhurba\u015fkan\u0131 Say\u0131n \u0130lham Aliyev, Banglade\u015f Cumhurba\u015fkan\u0131 Say\u0131n Abdul Hamit, Moritanya Cumhurba\u015fkan\u0131 Say\u0131n Muhammet Ould Abd\u00fclaziz, \u0130\u0130T Genel Sekreteri Say\u0131n Yusuf A. Al-Othaimeen ve IRCICA Genel Direkt\u00f6r\u00fc Say\u0131n Halit Eren\u2019in yan\u0131 s\u0131ra \u0130slam \u0130\u015fbirli\u011fi Te\u015fkilat\u0131 \u00fcyesi 56 \u00fclkenin temsilcileri, devlet ve h\u00fck\u00fcmet ba\u015fkanlar\u0131, b\u00f6lgesel ve uluslararas\u0131 kurumlar\u0131n temsilcileri kat\u0131l\u0131m g\u00f6sterdi.<\/p>\n<p>\nTarihte ilk kez devlet ve h\u00fck\u00fcmet ba\u015fkanlar\u0131n\u0131n bilimsel ve teknik konular\u0131 tart\u0131\u015fmaya a\u00e7t\u0131klar\u0131 bir \u00fcst d\u00fczey platform olma \u00f6zelli\u011fi ta\u015f\u0131yan zirvenin, \u00fcye \u00fclkeler aras\u0131nda ve genelde M\u00fcsl\u00fcman co\u011frafyas\u0131nda yeni bir bilimsel ve teknolojik g\u00fcndem olu\u015fturmas\u0131 \u00fcmit ediliyor. Zirvede ayr\u0131ca \u00fcye \u00fclkelerdeki yoksullu\u011fu azaltma, e\u011fitim b\u00fct\u00e7esini artt\u0131rma ve \u0130\u0130T 2025 Eylem Plan\u0131 ile Birle\u015fmi\u015f Milletler S\u00fcrd\u00fcr\u00fclebilir Kalk\u0131nma Hedefleri\u2019nde \u00f6ng\u00f6r\u00fclen hedeflere ula\u015fma \u00e7abalar\u0131na kat\u0131lma taahh\u00fcd\u00fcn\u00fc onaylayan Astana Deklarasyonu kabul edildi.<\/p>\n<p><a href=\"https:\/\/www.ircica.net\/wp-content\/uploads\/2019\/03\/islam-isbirligi-teskilati-iit-bilim-ve-teknoloji-zirvesi-2.jpg\" data-rel=\"penci-gallery-image-content\" ><img fetchpriority=\"high\" decoding=\"async\" class=\"alignnone\" src=\"https:\/\/www.ircica.net\/wp-content\/uploads\/2019\/03\/islam-isbirligi-teskilati-iit-bilim-ve-teknoloji-zirvesi-2.jpg\" alt=\"\" width=\"1500\" height=\"776\" \/><\/a><\/p>\n","protected":false},"excerpt":{"rendered":"<p>\u0130slam \u0130\u015fbirli\u011fi Te\u015fkilat\u0131 (\u0130\u0130T) taraf\u0131ndan ilk kez organize edilen \u201c\u0130\u0130T Bilim ve Teknoloji Zirvesi\u201d 10-11 Eyl\u00fcl 2017 tarihlerinde Kazakistan\u2019\u0131n ba\u015fkenti Astana\u2019da bulunan Ba\u011f\u0131ms\u0131zl\u0131k Saray\u0131\u2019nda ger\u00e7ekle\u015ftirildi. Zirveye 13. \u0130slam \u0130\u015fbirli\u011fi Te\u015fkilat\u0131&hellip;<\/p>\n","protected":false},"author":1,"featured_media":1350,"comment_status":"closed","ping_status":"closed","sticky":false,"template":"","format":"standard","meta":{"_acf_changed":false,"_mi_skip_tracking":false,"footnotes":""},"categories":[10],"tags":[],"cmcal_calendar":[],"class_list":["post-1345","post","type-post","status-publish","format-standard","has-post-thumbnail","hentry","category-faaliyetler"],"acf":[],"aioseo_notices":[],"_links":{"self":[{"href":"https:\/\/www.ircica.org\/tr\/wp-json\/wp\/v2\/posts\/1345","targetHints":{"allow":["GET"]}}],"collection":[{"href":"https:\/\/www.ircica.org\/tr\/wp-json\/wp\/v2\/posts"}],"about":[{"href":"https:\/\/www.ircica.org\/tr\/wp-json\/wp\/v2\/types\/post"}],"author":[{"embeddable":true,"href":"https:\/\/www.ircica.org\/tr\/wp-json\/wp\/v2\/users\/1"}],"replies":[{"embeddable":true,"href":"https:\/\/www.ircica.org\/tr\/wp-json\/wp\/v2\/comments?post=1345"}],"version-history":[{"count":0,"href":"https:\/\/www.ircica.org\/tr\/wp-json\/wp\/v2\/posts\/1345\/revisions"}],"wp:featuredmedia":[{"embeddable":true,"href":"https:\/\/www.ircica.org\/tr\/wp-json\/wp\/v2\/media\/1350"}],"wp:attachment":[{"href":"https:\/\/www.ircica.org\/tr\/wp-json\/wp\/v2\/media?parent=1345"}],"wp:term":[{"taxonomy":"category","embeddable":true,"href":"https:\/\/www.ircica.org\/tr\/wp-json\/wp\/v2\/categories?post=1345"},{"taxonomy":"post_tag","embeddable":true,"href":"https:\/\/www.ircica.org\/tr\/wp-json\/wp\/v2\/tags?post=1345"},{"taxonomy":"cmcal_calendar","embeddable":true,"href":"https:\/\/www.ircica.org\/tr\/wp-json\/wp\/v2\/cmcal_calendar?post=1345"}],"curies":[{"name":"wp","href":"https:\/\/api.w.org\/{rel}","templated":true}]}}