{"id":1359,"date":"2017-10-20T00:00:00","date_gmt":"2017-10-19T21:00:00","guid":{"rendered":"https:\/\/www.ircica.net\/news\/isbirligiyle-firsatlari-cogaltmak-temali-d-8-ekonomik-isbirligi-teskilatinin-9-zirve-toplantisi"},"modified":"2019-03-25T17:52:31","modified_gmt":"2019-03-25T14:52:31","slug":"isbirligiyle-firsatlari-cogaltmak-temali-d-8-ekonomik-isbirligi-teskilatinin-9-zirve-toplantisi","status":"publish","type":"post","link":"https:\/\/www.ircica.org\/tr\/faaliyetler\/isbirligiyle-firsatlari-cogaltmak-temali-d-8-ekonomik-isbirligi-teskilatinin-9-zirve-toplantisi","title":{"rendered":"\u201c\u0130\u015fbirli\u011fiyle F\u0131rsatlar\u0131 \u00c7o\u011faltmak\u201d temal\u0131 D-8 Ekonomik \u0130\u015fbirli\u011fi Te\u015fkilat\u0131\u2019n\u0131n 9. Zirve Toplant\u0131s\u0131"},"content":{"rendered":"<p>\u201c<strong>\u0130\u015fbirli\u011fiyle F\u0131rsatlar\u0131 \u00c7o\u011faltmak<\/strong>\u201d temal\u0131 D-8 Ekonomik \u0130\u015fbirli\u011fi Te\u015fkilat\u0131\u2019n\u0131n 9. Zirve Toplant\u0131s\u0131, 20 Ekim tarihinde, T\u00fcrkiye\u2019nin ev sahipli\u011fiyle \u0130stanbul\u2019da d\u00fczenlendi. \u0130lki T\u00fcrkiye\u2019de ger\u00e7ekle\u015ftirilen liderler seviyesindeki zirvelerin birinci turunun tamamlanmas\u0131n\u0131n ard\u0131ndan 9. Zirve\u2019de d\u00f6nem ba\u015fkanl\u0131\u011f\u0131n\u0131n yeniden T\u00fcrkiye\u2019ye ge\u00e7mesiyle D-8 tarihinin ikinci d\u00f6nemi ba\u015flam\u0131\u015f oldu.<\/p>\n<p>\u00dcye \u00fclkelerin k\u00fcresel ekonomideki konumlar\u0131n\u0131 iyile\u015ftirmek, ticari ili\u015fkilerinde \u00e7e\u015fitlilik ve f\u0131rsatlar yaratmak, uluslararas\u0131 d\u00fczeyde karar alma s\u00fcre\u00e7lerine kat\u0131l\u0131mlar\u0131n\u0131 artt\u0131rmak ve ya\u015fam standartlar\u0131n\u0131 iyile\u015ftirmeyi ama\u00e7layan D-8 Ekonomik \u0130\u015fbirli\u011fi Te\u015fkilat\u0131\u2019n\u0131n \u0130stanbul\u2019da d\u00fczenlenen 9. Zirve Toplant\u0131s\u0131\u2019na, d\u00f6nem ba\u015fkanl\u0131\u011f\u0131n\u0131 devralan T\u00fcrkiye ad\u0131na T. C. Cumhurba\u015fkan\u0131 Say\u0131n Recep Tayyip Erdo\u011fan ba\u015fkanl\u0131k etti. D-8 \u00fcyesi Banglade\u015f D\u0131\u015fi\u015flerinden Sorumlu Devlet Bakan\u0131 Muhammed Shahriar Alam, M\u0131s\u0131r D\u0131\u015fi\u015fleri Bakan Yard\u0131mc\u0131s\u0131 Hamdi Loza, Endonezya Cumhurba\u015fkan\u0131 Yard\u0131mc\u0131s\u0131 Jusuf Kalla, \u0130ran Cumhurba\u015fkan\u0131 Birinci Yard\u0131mc\u0131s\u0131 \u0130shak Cihangiri, Malezya Ba\u015fbakan Yard\u0131mc\u0131s\u0131 Ahmad Zahid Hamidi, Nijerya Cumhurba\u015fkan\u0131 Say\u0131n Muhammadu Buhari, Pakistan Ba\u015fbakan\u0131 \u015eahid Hakan Abbasi ve T\u00fcrkiye\u2019den Ekonomi Bakan\u0131 Nihat Zeybek\u00e7i, Bilim-Sanayi ve Teknoloji Bakan\u0131 Faruk \u00d6zl\u00fc, K\u00fclt\u00fcr ve Turizm Bakan\u0131 Numan Kurtulmu\u015f ile devlet ve h\u00fck\u00fcmet yetkililerinin yan\u0131 s\u0131ra \u00f6zel davetli olarak Azerbaycan Cumhurba\u015fkan\u0131 Say\u0131n \u0130lham Aliyev ve Gine Cumhurba\u015fkan\u0131 Say\u0131n Alpha Konde ve \u00e7ok say\u0131da \u00fcst d\u00fczey diplomatik temsilcinin kat\u0131ld\u0131\u011f\u0131 zirveye \u0130slam \u0130\u015fbirli\u011fi Te\u015fkilat\u0131 Genel Sekreteri Dr. Say\u0131n Yousef bin Ahmed al-Othaimeen ve IRCICA Genel Direkt\u00f6r\u00fc Do\u00e7. Dr. Say\u0131n Halit Eren de i\u015ftirak ettiler.<\/p>\n<p>&nbsp;<\/p>\n<p>Zirvenin ilk g\u00fcn\u00fcnde yap\u0131lan D-8 Komisyonu toplant\u0131s\u0131nda uzmanlar taraf\u0131ndan haz\u0131rlanan i\u015fbirli\u011fi raporu, zirve kat\u0131l\u0131mc\u0131lar\u0131 olan liderler taraf\u0131ndan kabul edildi.<\/p>\n","protected":false},"excerpt":{"rendered":"<p>\u201c\u0130\u015fbirli\u011fiyle F\u0131rsatlar\u0131 \u00c7o\u011faltmak\u201d temal\u0131 D-8 Ekonomik \u0130\u015fbirli\u011fi Te\u015fkilat\u0131\u2019n\u0131n 9. Zirve Toplant\u0131s\u0131, 20 Ekim tarihinde, T\u00fcrkiye\u2019nin ev sahipli\u011fiyle \u0130stanbul\u2019da d\u00fczenlendi. \u0130lki T\u00fcrkiye\u2019de ger\u00e7ekle\u015ftirilen liderler seviyesindeki zirvelerin birinci turunun tamamlanmas\u0131n\u0131n ard\u0131ndan 9.&hellip;<\/p>\n","protected":false},"author":1,"featured_media":1360,"comment_status":"closed","ping_status":"closed","sticky":false,"template":"","format":"standard","meta":{"_acf_changed":false,"_mi_skip_tracking":false,"footnotes":""},"categories":[10],"tags":[],"cmcal_calendar":[],"class_list":["post-1359","post","type-post","status-publish","format-standard","has-post-thumbnail","hentry","category-faaliyetler"],"acf":[],"aioseo_notices":[],"_links":{"self":[{"href":"https:\/\/www.ircica.org\/tr\/wp-json\/wp\/v2\/posts\/1359","targetHints":{"allow":["GET"]}}],"collection":[{"href":"https:\/\/www.ircica.org\/tr\/wp-json\/wp\/v2\/posts"}],"about":[{"href":"https:\/\/www.ircica.org\/tr\/wp-json\/wp\/v2\/types\/post"}],"author":[{"embeddable":true,"href":"https:\/\/www.ircica.org\/tr\/wp-json\/wp\/v2\/users\/1"}],"replies":[{"embeddable":true,"href":"https:\/\/www.ircica.org\/tr\/wp-json\/wp\/v2\/comments?post=1359"}],"version-history":[{"count":0,"href":"https:\/\/www.ircica.org\/tr\/wp-json\/wp\/v2\/posts\/1359\/revisions"}],"wp:featuredmedia":[{"embeddable":true,"href":"https:\/\/www.ircica.org\/tr\/wp-json\/wp\/v2\/media\/1360"}],"wp:attachment":[{"href":"https:\/\/www.ircica.org\/tr\/wp-json\/wp\/v2\/media?parent=1359"}],"wp:term":[{"taxonomy":"category","embeddable":true,"href":"https:\/\/www.ircica.org\/tr\/wp-json\/wp\/v2\/categories?post=1359"},{"taxonomy":"post_tag","embeddable":true,"href":"https:\/\/www.ircica.org\/tr\/wp-json\/wp\/v2\/tags?post=1359"},{"taxonomy":"cmcal_calendar","embeddable":true,"href":"https:\/\/www.ircica.org\/tr\/wp-json\/wp\/v2\/cmcal_calendar?post=1359"}],"curies":[{"name":"wp","href":"https:\/\/api.w.org\/{rel}","templated":true}]}}