{"id":16806,"date":"2022-04-09T16:07:17","date_gmt":"2022-04-09T13:07:17","guid":{"rendered":"https:\/\/www.ircica.org\/faaliyetler\/director-general-prof-dr-mahmud-erol-kilic-visited-the-imam-bukhari-center-samarkand"},"modified":"2022-04-13T16:16:48","modified_gmt":"2022-04-13T13:16:48","slug":"genel-direktor-prof-dr-mahmud-erol-kilic-semerkanttaki-imam-buhari-merkezini-ziyaret-etti","status":"publish","type":"post","link":"https:\/\/www.ircica.org\/tr\/faaliyetler\/toplantilar-ve-ziyaretler\/genel-direktor-prof-dr-mahmud-erol-kilic-semerkanttaki-imam-buhari-merkezini-ziyaret-etti","title":{"rendered":"Genel Direkt\u00f6r Prof. Dr. Mahmud Erol K\u0131l\u0131\u00e7 Semerkant\u2019taki \u0130mam Buhari Merkezi\u2019ni ziyaret etti"},"content":{"rendered":"<p>IRCICA Genel Direkt\u00f6r\u00fc B\u00fcy\u00fckel\u00e7i Prof. Dr. Mahmud Erol K\u0131l\u0131\u00e7 \u00d6zbekistan, Semerkant\u2019ta \u0130mam Buhari Uluslararas\u0131 Bilimsel Ara\u015ft\u0131rma Merkezi Direkt\u00f6r\u00fc Dr. Shovosil Ziyodov\u2019u 9 Nisan 2022\u2019de ziyaret etti. G\u00f6r\u00fc\u015fme, bu Merkezle IRCICA aras\u0131ndaki i\u015fbirli\u011finde \u00f6zellikle 4 Kas\u0131m 2021\u2019de IRCICA\u2019da yap\u0131lan toplant\u0131dan beri kaydedilen geli\u015fmeleri de\u011ferlendirmeye vesile oldu. Prof. K\u0131l\u0131\u00e7\u2019a Merkezin \u00e7e\u015fitli b\u00f6l\u00fcmleri ve m\u00fczesinde ara\u015ft\u0131rma projeleri ve tarih\u00ee elyazmalar\u0131 \u00fczerindeki inceleme ve koruma \u00e7al\u0131\u015fmalar\u0131 hakk\u0131nda uzmanlar taraf\u0131ndan bilgi verildi.<\/p>\n<p><a href=\"https:\/\/www.ircica.org\/wp-content\/uploads\/2022\/04\/director-general-prof-dr-mahmud-erol-kilic-visited-the-imam-bukhari-center-samarkand-2.jpg\" data-rel=\"penci-gallery-image-content\" ><img fetchpriority=\"high\" decoding=\"async\" class=\"alignnone size-full wp-image-16803\" src=\"https:\/\/www.ircica.org\/wp-content\/uploads\/2022\/04\/director-general-prof-dr-mahmud-erol-kilic-visited-the-imam-bukhari-center-samarkand-2.jpg\" alt=\"\" width=\"1920\" height=\"1193\" srcset=\"https:\/\/www.ircica.org\/wp-content\/uploads\/2022\/04\/director-general-prof-dr-mahmud-erol-kilic-visited-the-imam-bukhari-center-samarkand-2.jpg 1920w, https:\/\/www.ircica.org\/wp-content\/uploads\/2022\/04\/director-general-prof-dr-mahmud-erol-kilic-visited-the-imam-bukhari-center-samarkand-2-1230x764.jpg 1230w, https:\/\/www.ircica.org\/wp-content\/uploads\/2022\/04\/director-general-prof-dr-mahmud-erol-kilic-visited-the-imam-bukhari-center-samarkand-2-1170x727.jpg 1170w, https:\/\/www.ircica.org\/wp-content\/uploads\/2022\/04\/director-general-prof-dr-mahmud-erol-kilic-visited-the-imam-bukhari-center-samarkand-2-585x363.jpg 585w, https:\/\/www.ircica.org\/wp-content\/uploads\/2022\/04\/director-general-prof-dr-mahmud-erol-kilic-visited-the-imam-bukhari-center-samarkand-2-375x233.jpg 375w\" sizes=\"(max-width: 1920px) 100vw, 1920px\" \/><\/a><\/p>\n","protected":false},"excerpt":{"rendered":"<p>IRCICA Genel Direkt\u00f6r\u00fc B\u00fcy\u00fckel\u00e7i Prof. Dr. Mahmud Erol K\u0131l\u0131\u00e7 \u00d6zbekistan, Semerkant\u2019ta \u0130mam Buhari Uluslararas\u0131 Bilimsel Ara\u015ft\u0131rma Merkezi Direkt\u00f6r\u00fc Dr. Shovosil Ziyodov\u2019u 9 Nisan 2022\u2019de ziyaret etti. G\u00f6r\u00fc\u015fme, bu Merkezle IRCICA&hellip;<\/p>\n","protected":false},"author":28,"featured_media":16799,"comment_status":"closed","ping_status":"closed","sticky":false,"template":"","format":"standard","meta":{"_acf_changed":false,"_mi_skip_tracking":false,"footnotes":""},"categories":[242],"tags":[],"cmcal_calendar":[],"class_list":["post-16806","post","type-post","status-publish","format-standard","has-post-thumbnail","hentry","category-toplantilar-ve-ziyaretler"],"acf":[],"aioseo_notices":[],"_links":{"self":[{"href":"https:\/\/www.ircica.org\/tr\/wp-json\/wp\/v2\/posts\/16806","targetHints":{"allow":["GET"]}}],"collection":[{"href":"https:\/\/www.ircica.org\/tr\/wp-json\/wp\/v2\/posts"}],"about":[{"href":"https:\/\/www.ircica.org\/tr\/wp-json\/wp\/v2\/types\/post"}],"author":[{"embeddable":true,"href":"https:\/\/www.ircica.org\/tr\/wp-json\/wp\/v2\/users\/28"}],"replies":[{"embeddable":true,"href":"https:\/\/www.ircica.org\/tr\/wp-json\/wp\/v2\/comments?post=16806"}],"version-history":[{"count":0,"href":"https:\/\/www.ircica.org\/tr\/wp-json\/wp\/v2\/posts\/16806\/revisions"}],"wp:featuredmedia":[{"embeddable":true,"href":"https:\/\/www.ircica.org\/tr\/wp-json\/wp\/v2\/media\/16799"}],"wp:attachment":[{"href":"https:\/\/www.ircica.org\/tr\/wp-json\/wp\/v2\/media?parent=16806"}],"wp:term":[{"taxonomy":"category","embeddable":true,"href":"https:\/\/www.ircica.org\/tr\/wp-json\/wp\/v2\/categories?post=16806"},{"taxonomy":"post_tag","embeddable":true,"href":"https:\/\/www.ircica.org\/tr\/wp-json\/wp\/v2\/tags?post=16806"},{"taxonomy":"cmcal_calendar","embeddable":true,"href":"https:\/\/www.ircica.org\/tr\/wp-json\/wp\/v2\/cmcal_calendar?post=16806"}],"curies":[{"name":"wp","href":"https:\/\/api.w.org\/{rel}","templated":true}]}}