{"id":16918,"date":"2022-05-13T20:51:44","date_gmt":"2022-05-13T17:51:44","guid":{"rendered":"https:\/\/www.ircica.org\/faaliyetler\/ircica-mourns-the-demise-of-his-highness-sheikh-khalifa-bin-zayed-al-nahyan-president-of-the-united-arab-emirates"},"modified":"2022-05-13T20:56:24","modified_gmt":"2022-05-13T17:56:24","slug":"ircica-birlesik-arap-emirlikleri-devlet-baskani-seyh-halife-bin-zayed-al-nahyanin-vefati-uzerine-bae-devletine-taziyelerini-bildirdi","status":"publish","type":"post","link":"https:\/\/www.ircica.org\/tr\/faaliyetler\/ircica-birlesik-arap-emirlikleri-devlet-baskani-seyh-halife-bin-zayed-al-nahyanin-vefati-uzerine-bae-devletine-taziyelerini-bildirdi","title":{"rendered":"IRCICA, Birle\u015fik Arap Emirlikleri Devlet Ba\u015fkan\u0131 \u015eeyh Halife bin Zayed Al Nahyan\u2019\u0131n vefat\u0131 \u00fczerine BAE Devletine taziyelerini bildirdi"},"content":{"rendered":"<p>IRCICA, Birle\u015fik Arap Emirlikleri Devlet Ba\u015fkan\u0131 \u015eeyh Halife bin Zayed Al Nahyan\u2019\u0131n 13 May\u0131s 2022\u2019de vefat\u0131 \u00fczerine BAE Devletine, H\u00fck\u00fcmetine ve halk\u0131na derin \u00fcz\u00fcnt\u00fcs\u00fcn\u00fc ifade ederek taziyelerini bildirdi.<\/p>\n","protected":false},"excerpt":{"rendered":"<p>IRCICA, Birle\u015fik Arap Emirlikleri Devlet Ba\u015fkan\u0131 \u015eeyh Halife bin Zayed Al Nahyan\u2019\u0131n 13 May\u0131s 2022\u2019de vefat\u0131 \u00fczerine BAE Devletine, H\u00fck\u00fcmetine ve halk\u0131na derin \u00fcz\u00fcnt\u00fcs\u00fcn\u00fc ifade ederek taziyelerini bildirdi.<\/p>\n","protected":false},"author":1,"featured_media":16917,"comment_status":"closed","ping_status":"closed","sticky":false,"template":"","format":"standard","meta":{"_acf_changed":false,"_mi_skip_tracking":false,"footnotes":""},"categories":[10,232],"tags":[],"cmcal_calendar":[],"class_list":["post-16918","post","type-post","status-publish","format-standard","has-post-thumbnail","hentry","category-faaliyetler","category-konferans"],"acf":[],"aioseo_notices":[],"_links":{"self":[{"href":"https:\/\/www.ircica.org\/tr\/wp-json\/wp\/v2\/posts\/16918","targetHints":{"allow":["GET"]}}],"collection":[{"href":"https:\/\/www.ircica.org\/tr\/wp-json\/wp\/v2\/posts"}],"about":[{"href":"https:\/\/www.ircica.org\/tr\/wp-json\/wp\/v2\/types\/post"}],"author":[{"embeddable":true,"href":"https:\/\/www.ircica.org\/tr\/wp-json\/wp\/v2\/users\/1"}],"replies":[{"embeddable":true,"href":"https:\/\/www.ircica.org\/tr\/wp-json\/wp\/v2\/comments?post=16918"}],"version-history":[{"count":0,"href":"https:\/\/www.ircica.org\/tr\/wp-json\/wp\/v2\/posts\/16918\/revisions"}],"wp:featuredmedia":[{"embeddable":true,"href":"https:\/\/www.ircica.org\/tr\/wp-json\/wp\/v2\/media\/16917"}],"wp:attachment":[{"href":"https:\/\/www.ircica.org\/tr\/wp-json\/wp\/v2\/media?parent=16918"}],"wp:term":[{"taxonomy":"category","embeddable":true,"href":"https:\/\/www.ircica.org\/tr\/wp-json\/wp\/v2\/categories?post=16918"},{"taxonomy":"post_tag","embeddable":true,"href":"https:\/\/www.ircica.org\/tr\/wp-json\/wp\/v2\/tags?post=16918"},{"taxonomy":"cmcal_calendar","embeddable":true,"href":"https:\/\/www.ircica.org\/tr\/wp-json\/wp\/v2\/cmcal_calendar?post=16918"}],"curies":[{"name":"wp","href":"https:\/\/api.w.org\/{rel}","templated":true}]}}