{"id":17712,"date":"2022-06-29T16:37:22","date_gmt":"2022-06-29T13:37:22","guid":{"rendered":"https:\/\/www.ircica.org\/faaliyetler\/11th-islamic-conference-of-tourism-ministers-held-in-baku"},"modified":"2022-06-29T16:43:29","modified_gmt":"2022-06-29T13:43:29","slug":"11-islam-ulkeleri-turizm-bakanlari-konferansi-bakude-yapildi","status":"publish","type":"post","link":"https:\/\/www.ircica.org\/tr\/faaliyetler\/konferans\/11-islam-ulkeleri-turizm-bakanlari-konferansi-bakude-yapildi","title":{"rendered":"11. \u0130slam \u00dclkeleri Turizm Bakanlar\u0131 Konferans\u0131 Bak\u00fc\u2019de yap\u0131ld\u0131"},"content":{"rendered":"<p>IRCICA Genel Direkt\u00f6r\u00fc Prof. Dr. Mahmud Erol K\u0131l\u0131\u00e7 Bak\u00fc, Azerbaycan\u2019da toplanan 11. \u0130slam \u00dclkeleri Turizm Bakanlar\u0131 Konferans\u0131\u2019na kat\u0131ld\u0131. Konferansta \u0130slam \u0130\u015fbirli\u011fi Te\u015fkilat\u0131 Genel Sekreterli\u011fi ile \u00e7e\u015fitli kurumlar\u0131 raporlar sundular. Genel Direkt\u00f6r Prof. K\u0131l\u0131\u00e7 IRCICA\u2019n\u0131n faaliyet raporunu ve konferans\u0131n uzmanl\u0131k temalar\u0131 \u00fczerine incelemeler sundu. Konferansta \u015eanl\u0131urfa (T\u00fcrkiye) 2023 ve Hiva (\u00d6zbekistan) 2024 i\u00e7in \u0130slam Turizm Ba\u015fkenti se\u00e7ildiler.<\/p>\n","protected":false},"excerpt":{"rendered":"<p>IRCICA Genel Direkt\u00f6r\u00fc Prof. Dr. Mahmud Erol K\u0131l\u0131\u00e7 Bak\u00fc, Azerbaycan\u2019da toplanan 11. \u0130slam \u00dclkeleri Turizm Bakanlar\u0131 Konferans\u0131\u2019na kat\u0131ld\u0131. Konferansta \u0130slam \u0130\u015fbirli\u011fi Te\u015fkilat\u0131 Genel Sekreterli\u011fi ile \u00e7e\u015fitli kurumlar\u0131 raporlar sundular. Genel&hellip;<\/p>\n","protected":false},"author":28,"featured_media":17710,"comment_status":"closed","ping_status":"closed","sticky":false,"template":"","format":"standard","meta":{"_acf_changed":false,"_mi_skip_tracking":false,"footnotes":""},"categories":[232],"tags":[],"cmcal_calendar":[],"class_list":["post-17712","post","type-post","status-publish","format-standard","has-post-thumbnail","hentry","category-konferans"],"acf":[],"aioseo_notices":[],"_links":{"self":[{"href":"https:\/\/www.ircica.org\/tr\/wp-json\/wp\/v2\/posts\/17712","targetHints":{"allow":["GET"]}}],"collection":[{"href":"https:\/\/www.ircica.org\/tr\/wp-json\/wp\/v2\/posts"}],"about":[{"href":"https:\/\/www.ircica.org\/tr\/wp-json\/wp\/v2\/types\/post"}],"author":[{"embeddable":true,"href":"https:\/\/www.ircica.org\/tr\/wp-json\/wp\/v2\/users\/28"}],"replies":[{"embeddable":true,"href":"https:\/\/www.ircica.org\/tr\/wp-json\/wp\/v2\/comments?post=17712"}],"version-history":[{"count":0,"href":"https:\/\/www.ircica.org\/tr\/wp-json\/wp\/v2\/posts\/17712\/revisions"}],"wp:featuredmedia":[{"embeddable":true,"href":"https:\/\/www.ircica.org\/tr\/wp-json\/wp\/v2\/media\/17710"}],"wp:attachment":[{"href":"https:\/\/www.ircica.org\/tr\/wp-json\/wp\/v2\/media?parent=17712"}],"wp:term":[{"taxonomy":"category","embeddable":true,"href":"https:\/\/www.ircica.org\/tr\/wp-json\/wp\/v2\/categories?post=17712"},{"taxonomy":"post_tag","embeddable":true,"href":"https:\/\/www.ircica.org\/tr\/wp-json\/wp\/v2\/tags?post=17712"},{"taxonomy":"cmcal_calendar","embeddable":true,"href":"https:\/\/www.ircica.org\/tr\/wp-json\/wp\/v2\/cmcal_calendar?post=17712"}],"curies":[{"name":"wp","href":"https:\/\/api.w.org\/{rel}","templated":true}]}}