{"id":19618,"date":"2023-05-26T17:00:28","date_gmt":"2023-05-26T14:00:28","guid":{"rendered":"https:\/\/www.ircica.org\/faaliyetler\/prof-samer-akkach-on-vision-and-representation-in-islamic-art-and-architecture"},"modified":"2023-05-26T17:13:01","modified_gmt":"2023-05-26T14:13:01","slug":"prof-samer-akkachin-konferansi-islam-sanat-ve-mimarisinde-vizyon-ve-temsil","status":"publish","type":"post","link":"https:\/\/www.ircica.org\/tr\/faaliyetler\/egitim\/halka-acik-konferanslar\/prof-samer-akkachin-konferansi-islam-sanat-ve-mimarisinde-vizyon-ve-temsil","title":{"rendered":"Prof. Samer Akkach&#8217;\u0131n konferans\u0131: \u201c\u0130slam Sanat ve Mimarisinde Vizyon ve Temsil\u201d"},"content":{"rendered":"<p>IRCICA K\u00fclt\u00fcrel Miras Konu\u015fmalar\u0131 serisinin be\u015fincisinde Avustralya, Adelaide \u00dcniversitesinden sanat ve mimari tarihi ve teorisi uzman\u0131 Prof. Samer Akkach \u201c\u0130slam Sanat ve Mimarisinde Vizyon ve Temsil\u201d ba\u015fl\u0131kl\u0131 konferans\u0131yla yer ald\u0131. Program canl\u0131 olarak \u00e7evrimi\u00e7i ger\u00e7ekle\u015ftirildi.<\/p>\n<p>Prof. Akkach ilgi \u00e7ekici ve kapsay\u0131c\u0131 konu\u015fmas\u0131nda modern sanatlardaki isabetli perspektif gere\u011finin aksine \u0130slam minyat\u00fcr sanatlar\u0131nda uzam\u0131 ve \u015feyleri g\u00f6r\u00fc\u015fte ve yeniden temsil edi\u015fte iki boyutlu d\u00fczlem \u00fczerinde ifade bulan &#8220;mant\u0131\u011f\u0131&#8221; incelerken &#8220;seyir&#8221; ve &#8220;nazar&#8221;, &#8220;alg\u0131&#8221; ve &#8220;idrak&#8221; gibi kilit kavramlar\u0131 Bat\u0131&#8217;daki ve \u0130slam sanatlar\u0131ndaki ba\u011flamlar\u0131nda kar\u015f\u0131la\u015ft\u0131rd\u0131. Vizyon ve temsil s\u00fcre\u00e7lerinin bu analizi ayn\u0131 zamanda \u0130slam sanatlar\u0131n\u0131n bir perspektif yoksunlu\u011fu sebebiyle iki boyutlu d\u00fczeyde kalm\u0131\u015f oldu\u011funa dair iddialar\u0131 da \u00e7\u00fcr\u00fct\u00fcyor.<\/p>\n<p>Professor Akkach Avustralya Be\u015feri Bilimler Akademisi (FAHA) \u00fcyesi, Adelaide \u00dcniversitesi \u00f6\u011fretim \u00fcyesi ve Asya ve Orta Do\u011fu Mimarisi Merkezi (CAMEA) kurucu direkt\u00f6r\u00fcd\u00fcr. Yazar\u0131 oldu\u011fu kitaplar\u0131n ba\u015fl\u0131klar\u0131ndan anla\u015f\u0131laca\u011f\u0131 gibi uzmanl\u0131\u011f\u0131 konuyla ba\u011flant\u0131l\u0131 bir\u00e7ok alana yay\u0131lmaktad\u0131r: <em>Cosmology and Architecture in Premodern Islam<\/em> (2005); \u00a0<em>Islam and the Enlightenment <\/em>(2007); <em>Letters of a Sufi Scholar<\/em> (2010); <em>Intimate Invocations<\/em> (2012), <em>Damascene Diaries<\/em> (2015); <em>Istanbul Observatory<\/em>\u00a0(2017) ve edit\u00f6r\u00fc oldu\u011fu,: <em>\u02bfIlm: Science, Religion and Art in Islam<\/em> (2019), ve <em>Na\u1e93ar: Vision, Belief, and Perception in Islamic Cultures<\/em> (2022).<\/p>\n<p><a href=\"https:\/\/www.ircica.org\/wp-content\/uploads\/2023\/05\/prof-samer-akkach-on-vision-and-representation-in-islamic-art-and-architecture-1.jpg\" data-rel=\"penci-gallery-image-content\" ><img fetchpriority=\"high\" decoding=\"async\" class=\"alignnone wp-image-19596 size-full\" src=\"https:\/\/www.ircica.org\/wp-content\/uploads\/2023\/05\/prof-samer-akkach-on-vision-and-representation-in-islamic-art-and-architecture-1.jpg\" alt=\"\" width=\"1920\" height=\"1086\" srcset=\"https:\/\/www.ircica.org\/wp-content\/uploads\/2023\/05\/prof-samer-akkach-on-vision-and-representation-in-islamic-art-and-architecture-1.jpg 1920w, https:\/\/www.ircica.org\/wp-content\/uploads\/2023\/05\/prof-samer-akkach-on-vision-and-representation-in-islamic-art-and-architecture-1-1230x696.jpg 1230w, https:\/\/www.ircica.org\/wp-content\/uploads\/2023\/05\/prof-samer-akkach-on-vision-and-representation-in-islamic-art-and-architecture-1-1170x663.jpg 1170w, https:\/\/www.ircica.org\/wp-content\/uploads\/2023\/05\/prof-samer-akkach-on-vision-and-representation-in-islamic-art-and-architecture-1-585x331.jpg 585w, https:\/\/www.ircica.org\/wp-content\/uploads\/2023\/05\/prof-samer-akkach-on-vision-and-representation-in-islamic-art-and-architecture-1-375x212.jpg 375w\" sizes=\"(max-width: 1920px) 100vw, 1920px\" \/><\/a><\/p>\n","protected":false},"excerpt":{"rendered":"<p>IRCICA K\u00fclt\u00fcrel Miras Konu\u015fmalar\u0131 serisinin be\u015fincisinde Avustralya, Adelaide \u00dcniversitesinden sanat ve mimari tarihi ve teorisi uzman\u0131 Prof. Samer Akkach \u201c\u0130slam Sanat ve Mimarisinde Vizyon ve Temsil\u201d ba\u015fl\u0131kl\u0131 konferans\u0131yla yer ald\u0131.&hellip;<\/p>\n","protected":false},"author":28,"featured_media":19617,"comment_status":"closed","ping_status":"closed","sticky":false,"template":"","format":"standard","meta":{"_acf_changed":false,"_mi_skip_tracking":false,"footnotes":""},"categories":[288],"tags":[],"cmcal_calendar":[],"class_list":["post-19618","post","type-post","status-publish","format-standard","has-post-thumbnail","hentry","category-halka-acik-konferanslar"],"acf":[],"aioseo_notices":[],"_links":{"self":[{"href":"https:\/\/www.ircica.org\/tr\/wp-json\/wp\/v2\/posts\/19618","targetHints":{"allow":["GET"]}}],"collection":[{"href":"https:\/\/www.ircica.org\/tr\/wp-json\/wp\/v2\/posts"}],"about":[{"href":"https:\/\/www.ircica.org\/tr\/wp-json\/wp\/v2\/types\/post"}],"author":[{"embeddable":true,"href":"https:\/\/www.ircica.org\/tr\/wp-json\/wp\/v2\/users\/28"}],"replies":[{"embeddable":true,"href":"https:\/\/www.ircica.org\/tr\/wp-json\/wp\/v2\/comments?post=19618"}],"version-history":[{"count":0,"href":"https:\/\/www.ircica.org\/tr\/wp-json\/wp\/v2\/posts\/19618\/revisions"}],"wp:featuredmedia":[{"embeddable":true,"href":"https:\/\/www.ircica.org\/tr\/wp-json\/wp\/v2\/media\/19617"}],"wp:attachment":[{"href":"https:\/\/www.ircica.org\/tr\/wp-json\/wp\/v2\/media?parent=19618"}],"wp:term":[{"taxonomy":"category","embeddable":true,"href":"https:\/\/www.ircica.org\/tr\/wp-json\/wp\/v2\/categories?post=19618"},{"taxonomy":"post_tag","embeddable":true,"href":"https:\/\/www.ircica.org\/tr\/wp-json\/wp\/v2\/tags?post=19618"},{"taxonomy":"cmcal_calendar","embeddable":true,"href":"https:\/\/www.ircica.org\/tr\/wp-json\/wp\/v2\/cmcal_calendar?post=19618"}],"curies":[{"name":"wp","href":"https:\/\/api.w.org\/{rel}","templated":true}]}}