{"id":20633,"date":"2023-11-03T16:47:30","date_gmt":"2023-11-03T13:47:30","guid":{"rendered":"https:\/\/www.ircica.org\/faaliyetler\/ircica-director-general-received-scholars-from-l-n-gumilev-eurasian-national-university-kazakhstan"},"modified":"2023-11-03T16:49:12","modified_gmt":"2023-11-03T13:49:12","slug":"ircica-genel-direktoru-kazakistan-l-n-gumilev-avrasya-milli-universitesi-ogretim-uyelerini-kabul-etti","status":"publish","type":"post","link":"https:\/\/www.ircica.org\/tr\/faaliyetler\/toplantilar-ve-ziyaretler\/ircica-genel-direktoru-kazakistan-l-n-gumilev-avrasya-milli-universitesi-ogretim-uyelerini-kabul-etti","title":{"rendered":"IRCICA Genel Direkt\u00f6r\u00fc Kazakistan, L.N. Gumilev Avrasya Mill\u00ee \u00dcniversitesi \u00f6\u011fretim \u00fcyelerini kabul etti"},"content":{"rendered":"<p>IRCICA Genel Direkt\u00f6r\u00fc Prof. Mahmud Erol K\u0131l\u0131\u00e7 3 Kas\u0131m 2023&#8217;te Kazakistan, Astana&#8217;daki L.N. Gumilev Avrasya Mill\u00ee \u00dcniversitesi \u00f6\u011fretim \u00fcyeleri Dr. Symbat Shakirov, Dr. Tolganay Mustafina ve Dr. Farida Musatayeva&#8217;y\u0131 IRCICA&#8217;da kabul etti. G\u00f6r\u00fc\u015fmelere IRCICA Ara\u015ft\u0131rma ve Yay\u0131nlar Ba\u015fkan\u0131 Prof. Cengiz Tomar ve Orta Asya \u0130ncelemeleri Dan\u0131\u015fman\u0131 Prof. Ashirbek Muminov da kat\u0131ld\u0131lar.<\/p>\n","protected":false},"excerpt":{"rendered":"<p>IRCICA Genel Direkt\u00f6r\u00fc Prof. Mahmud Erol K\u0131l\u0131\u00e7 3 Kas\u0131m 2023&#8217;te Kazakistan, Astana&#8217;daki L.N. Gumilev Avrasya Mill\u00ee \u00dcniversitesi \u00f6\u011fretim \u00fcyeleri Dr. Symbat Shakirov, Dr. Tolganay Mustafina ve Dr. Farida Musatayeva&#8217;y\u0131 IRCICA&#8217;da&hellip;<\/p>\n","protected":false},"author":28,"featured_media":20630,"comment_status":"closed","ping_status":"closed","sticky":false,"template":"","format":"standard","meta":{"_acf_changed":false,"_mi_skip_tracking":false,"footnotes":""},"categories":[242],"tags":[],"cmcal_calendar":[],"class_list":["post-20633","post","type-post","status-publish","format-standard","has-post-thumbnail","hentry","category-toplantilar-ve-ziyaretler"],"acf":[],"aioseo_notices":[],"_links":{"self":[{"href":"https:\/\/www.ircica.org\/tr\/wp-json\/wp\/v2\/posts\/20633","targetHints":{"allow":["GET"]}}],"collection":[{"href":"https:\/\/www.ircica.org\/tr\/wp-json\/wp\/v2\/posts"}],"about":[{"href":"https:\/\/www.ircica.org\/tr\/wp-json\/wp\/v2\/types\/post"}],"author":[{"embeddable":true,"href":"https:\/\/www.ircica.org\/tr\/wp-json\/wp\/v2\/users\/28"}],"replies":[{"embeddable":true,"href":"https:\/\/www.ircica.org\/tr\/wp-json\/wp\/v2\/comments?post=20633"}],"version-history":[{"count":0,"href":"https:\/\/www.ircica.org\/tr\/wp-json\/wp\/v2\/posts\/20633\/revisions"}],"wp:featuredmedia":[{"embeddable":true,"href":"https:\/\/www.ircica.org\/tr\/wp-json\/wp\/v2\/media\/20630"}],"wp:attachment":[{"href":"https:\/\/www.ircica.org\/tr\/wp-json\/wp\/v2\/media?parent=20633"}],"wp:term":[{"taxonomy":"category","embeddable":true,"href":"https:\/\/www.ircica.org\/tr\/wp-json\/wp\/v2\/categories?post=20633"},{"taxonomy":"post_tag","embeddable":true,"href":"https:\/\/www.ircica.org\/tr\/wp-json\/wp\/v2\/tags?post=20633"},{"taxonomy":"cmcal_calendar","embeddable":true,"href":"https:\/\/www.ircica.org\/tr\/wp-json\/wp\/v2\/cmcal_calendar?post=20633"}],"curies":[{"name":"wp","href":"https:\/\/api.w.org\/{rel}","templated":true}]}}