{"id":22389,"date":"2024-03-08T16:35:58","date_gmt":"2024-03-08T13:35:58","guid":{"rendered":"https:\/\/www.ircica.org\/faaliyetler\/ircica-director-general-addresses-islamophobia-conference-in-baku"},"modified":"2024-03-11T10:39:29","modified_gmt":"2024-03-11T07:39:29","slug":"ircica-genel-direktorunun-bakude-islamofobi-konferansinda-sunumu","status":"publish","type":"post","link":"https:\/\/www.ircica.org\/tr\/faaliyetler\/konferans\/ircica-genel-direktorunun-bakude-islamofobi-konferansinda-sunumu","title":{"rendered":"IRCICA Genel Direkt\u00f6r\u00fc\u2019n\u00fcn Bak\u00fc\u2019de \u0130slamofobi Konferans\u0131nda sunumu"},"content":{"rendered":"<p>IRCICA Genel Direkt\u00f6r\u00fc Prof. Mahmud Erol K\u0131l\u0131\u00e7 Bak\u00fc\u2019de, Bak\u00fc Uluslararas\u0131 \u00c7okk\u00fclt\u00fcrl\u00fcl\u00fck Merkezi, Uluslararas\u0131 \u0130li\u015fkiler Analiz Merkezi (AIR) ve G20 Dinleraras\u0131 Diyalog Forumu\u2019nun d\u00fczenledikleri ve 8 Mart 2024\u2019te Azerbaycan Cumhurba\u015fkan\u0131 \u0130lham Aliyev\u2019in mesaj\u0131yla a\u00e7\u0131lan \u201c\u00c7e\u015fitlili\u011fi Kucaklamak: 2024\u2019te \u0130slamofobi ile M\u00fccadele\u201d konulu konferanstaki konu\u015fmas\u0131nda \u201c\u0130slamofobi ile M\u00fccadelede Geli\u015fen Yakla\u015f\u0131mlar: Teorik \u00c7er\u00e7eve\u201d ba\u015fl\u0131kl\u0131 bir inceleme sundu.<\/p>\n","protected":false},"excerpt":{"rendered":"<p>IRCICA Genel Direkt\u00f6r\u00fc Prof. Mahmud Erol K\u0131l\u0131\u00e7 Bak\u00fc\u2019de, Bak\u00fc Uluslararas\u0131 \u00c7okk\u00fclt\u00fcrl\u00fcl\u00fck Merkezi, Uluslararas\u0131 \u0130li\u015fkiler Analiz Merkezi (AIR) ve G20 Dinleraras\u0131 Diyalog Forumu\u2019nun d\u00fczenledikleri ve 8 Mart 2024\u2019te Azerbaycan Cumhurba\u015fkan\u0131 \u0130lham&hellip;<\/p>\n","protected":false},"author":28,"featured_media":22387,"comment_status":"closed","ping_status":"closed","sticky":false,"template":"","format":"standard","meta":{"_acf_changed":false,"_mi_skip_tracking":false,"footnotes":""},"categories":[232],"tags":[],"cmcal_calendar":[],"class_list":["post-22389","post","type-post","status-publish","format-standard","has-post-thumbnail","hentry","category-konferans"],"acf":[],"aioseo_notices":[],"_links":{"self":[{"href":"https:\/\/www.ircica.org\/tr\/wp-json\/wp\/v2\/posts\/22389","targetHints":{"allow":["GET"]}}],"collection":[{"href":"https:\/\/www.ircica.org\/tr\/wp-json\/wp\/v2\/posts"}],"about":[{"href":"https:\/\/www.ircica.org\/tr\/wp-json\/wp\/v2\/types\/post"}],"author":[{"embeddable":true,"href":"https:\/\/www.ircica.org\/tr\/wp-json\/wp\/v2\/users\/28"}],"replies":[{"embeddable":true,"href":"https:\/\/www.ircica.org\/tr\/wp-json\/wp\/v2\/comments?post=22389"}],"version-history":[{"count":1,"href":"https:\/\/www.ircica.org\/tr\/wp-json\/wp\/v2\/posts\/22389\/revisions"}],"predecessor-version":[{"id":22390,"href":"https:\/\/www.ircica.org\/tr\/wp-json\/wp\/v2\/posts\/22389\/revisions\/22390"}],"wp:featuredmedia":[{"embeddable":true,"href":"https:\/\/www.ircica.org\/tr\/wp-json\/wp\/v2\/media\/22387"}],"wp:attachment":[{"href":"https:\/\/www.ircica.org\/tr\/wp-json\/wp\/v2\/media?parent=22389"}],"wp:term":[{"taxonomy":"category","embeddable":true,"href":"https:\/\/www.ircica.org\/tr\/wp-json\/wp\/v2\/categories?post=22389"},{"taxonomy":"post_tag","embeddable":true,"href":"https:\/\/www.ircica.org\/tr\/wp-json\/wp\/v2\/tags?post=22389"},{"taxonomy":"cmcal_calendar","embeddable":true,"href":"https:\/\/www.ircica.org\/tr\/wp-json\/wp\/v2\/cmcal_calendar?post=22389"}],"curies":[{"name":"wp","href":"https:\/\/api.w.org\/{rel}","templated":true}]}}