{"id":23475,"date":"2024-05-06T10:58:14","date_gmt":"2024-05-06T07:58:14","guid":{"rendered":"https:\/\/www.ircica.org\/faaliyetler\/ircica-participated-in-the-abu-dhabi-international-book-fair"},"modified":"2024-05-06T10:59:45","modified_gmt":"2024-05-06T07:59:45","slug":"ircica-abu-dabi-uluslararasi-kitap-fuarina-katildi","status":"publish","type":"post","link":"https:\/\/www.ircica.org\/tr\/faaliyetler\/sergiler\/ircica-abu-dabi-uluslararasi-kitap-fuarina-katildi","title":{"rendered":"IRCICA, Abu Dabi Uluslararas\u0131 Kitap Fuar\u0131\u2019na kat\u0131ld\u0131"},"content":{"rendered":"<p>IRCICA; Arap d\u00fcnyas\u0131n\u0131n en b\u00fcy\u00fck y\u0131ll\u0131k kitap fuarlar\u0131ndan olan Abu Dabi Uluslararas\u0131 Kitap Fuar\u0131\u2019na kat\u0131ld\u0131. Bu y\u0131l 29 Nisan-5 May\u0131s 2024 tarihlerinde otuz \u00fc\u00e7\u00fcnc\u00fcs\u00fc yap\u0131lan fuarda \u00e7ok say\u0131da k\u00fclt\u00fcr faaliyeti yer ald\u0131. \u201cD\u00fcnyadan \u00d6yk\u00fclerin Anlat\u0131ld\u0131\u011f\u0131 Yer\u201d temas\u0131yla sunulan fuarda k\u00fclt\u00fcr ve edebiyat tarihindeki \u00f6nemi dolay\u0131s\u0131yla \u0130bn Mukaffa\u2019n\u0131n Kelile ve Dimne adl\u0131 eseri onurland\u0131r\u0131ld\u0131, y\u0131l\u0131n \u00f6nde gelen edeb\u00ee \u015fahsiyeti olarak M\u0131s\u0131r\u2019l\u0131 romanc\u0131 Necin Mahfuz an\u0131ld\u0131.<\/p>\n<p>Fuarda IRCICA\u2019dan Sanat ve Elsanatlar\u0131 K\u0131sm\u0131 Sorumlusu Said Kas\u0131mo\u011flu ile K\u00fclt\u00fcr Miras\u0131 Uzman\u0131 Taha Zahid \u00d6zdemir\u2019in sundu\u011fu stantta Merkez&#8217;in \u00e7o\u011funlu\u011fu Arap\u00e7a olmak \u00fczere \u00e7ok say\u0131da yay\u0131n tan\u0131t\u0131ld\u0131.<\/p>\n","protected":false},"excerpt":{"rendered":"<p>IRCICA; Arap d\u00fcnyas\u0131n\u0131n en b\u00fcy\u00fck y\u0131ll\u0131k kitap fuarlar\u0131ndan olan Abu Dabi Uluslararas\u0131 Kitap Fuar\u0131\u2019na kat\u0131ld\u0131. Bu y\u0131l 29 Nisan-5 May\u0131s 2024 tarihlerinde otuz \u00fc\u00e7\u00fcnc\u00fcs\u00fc yap\u0131lan fuarda \u00e7ok say\u0131da k\u00fclt\u00fcr faaliyeti&hellip;<\/p>\n","protected":false},"author":28,"featured_media":23471,"comment_status":"closed","ping_status":"closed","sticky":false,"template":"","format":"standard","meta":{"_acf_changed":false,"_mi_skip_tracking":false,"footnotes":""},"categories":[239],"tags":[],"cmcal_calendar":[],"class_list":["post-23475","post","type-post","status-publish","format-standard","has-post-thumbnail","hentry","category-sergiler"],"acf":[],"aioseo_notices":[],"_links":{"self":[{"href":"https:\/\/www.ircica.org\/tr\/wp-json\/wp\/v2\/posts\/23475","targetHints":{"allow":["GET"]}}],"collection":[{"href":"https:\/\/www.ircica.org\/tr\/wp-json\/wp\/v2\/posts"}],"about":[{"href":"https:\/\/www.ircica.org\/tr\/wp-json\/wp\/v2\/types\/post"}],"author":[{"embeddable":true,"href":"https:\/\/www.ircica.org\/tr\/wp-json\/wp\/v2\/users\/28"}],"replies":[{"embeddable":true,"href":"https:\/\/www.ircica.org\/tr\/wp-json\/wp\/v2\/comments?post=23475"}],"version-history":[{"count":2,"href":"https:\/\/www.ircica.org\/tr\/wp-json\/wp\/v2\/posts\/23475\/revisions"}],"predecessor-version":[{"id":23477,"href":"https:\/\/www.ircica.org\/tr\/wp-json\/wp\/v2\/posts\/23475\/revisions\/23477"}],"wp:featuredmedia":[{"embeddable":true,"href":"https:\/\/www.ircica.org\/tr\/wp-json\/wp\/v2\/media\/23471"}],"wp:attachment":[{"href":"https:\/\/www.ircica.org\/tr\/wp-json\/wp\/v2\/media?parent=23475"}],"wp:term":[{"taxonomy":"category","embeddable":true,"href":"https:\/\/www.ircica.org\/tr\/wp-json\/wp\/v2\/categories?post=23475"},{"taxonomy":"post_tag","embeddable":true,"href":"https:\/\/www.ircica.org\/tr\/wp-json\/wp\/v2\/tags?post=23475"},{"taxonomy":"cmcal_calendar","embeddable":true,"href":"https:\/\/www.ircica.org\/tr\/wp-json\/wp\/v2\/cmcal_calendar?post=23475"}],"curies":[{"name":"wp","href":"https:\/\/api.w.org\/{rel}","templated":true}]}}