{"id":25049,"date":"2024-07-23T17:40:32","date_gmt":"2024-07-23T14:40:32","guid":{"rendered":"https:\/\/www.ircica.org\/faaliyetler\/ircica-director-general-prof-kilic-addressed-the-dialogue-for-the-future-conference-in-mostar"},"modified":"2024-07-23T17:42:32","modified_gmt":"2024-07-23T14:42:32","slug":"ircica-genel-direktoru-prof-kilic-mostarda-gelecek-icin-diyalog-konferansinda-konusma-yapti","status":"publish","type":"post","link":"https:\/\/www.ircica.org\/tr\/faaliyetler\/konferans\/ircica-genel-direktoru-prof-kilic-mostarda-gelecek-icin-diyalog-konferansinda-konusma-yapti","title":{"rendered":"IRCICA Genel Direkt\u00f6r\u00fc Prof. K\u0131l\u0131\u00e7, Mostar&#8217;da \u201cGelecek i\u00e7in Diyalog\u201d Konferans\u0131nda konu\u015fma yapt\u0131"},"content":{"rendered":"<p>IRCICA Genel Direkt\u00f6r\u00fc Prof. Mahmud Erol K\u0131l\u0131\u00e7, Bosna Hersek Cumhurba\u015fkanl\u0131\u011f\u0131 taraf\u0131ndan 23 Temmuz 2024 tarihinde Mostar&#8217;da, Eski Mostar K\u00f6pr\u00fcs\u00fc&#8217;n\u00fcn yeniden in\u015fas\u0131n\u0131n 20. y\u0131ld\u00f6n\u00fcm\u00fcn\u00fc kutlamak ve Bosna-Hersek&#8217;te ve b\u00f6lgesinde bar\u0131\u015f ve kalk\u0131nma i\u00e7in uluslararas\u0131 i\u015fbirli\u011fi ve diyalogun \u00f6nemini vurgulamak amac\u0131yla d\u00fczenlenen \u00fcst d\u00fczey uluslararas\u0131 &#8220;Gelecek i\u00e7in Diyalog&#8221; konferans\u0131nda konu\u015fma yapt\u0131. Prof. K\u0131l\u0131\u00e7 konu\u015fmas\u0131nda, IRCICA&#8217;n\u0131n Bosna-Hersek ile ba\u011flant\u0131l\u0131 olarak son otuz y\u0131lda ger\u00e7ekle\u015ftirdi\u011fi k\u00fclt\u00fcrel i\u015fbirli\u011fi, tarih ara\u015ft\u0131rmalar\u0131 ve mimari \u00e7al\u0131\u015fmalar\u0131na, \u00f6zellikle de 1994&#8217;ten 2004&#8217;e kadar her y\u0131l tertiplenen ve 22 Temmuz 2004&#8217;te Mostar Eski K\u00f6pr\u00fcs\u00fc&#8217;n\u00fcn a\u00e7\u0131l\u0131\u015f t\u00f6reniyle e\u015f zamanl\u0131 sonu\u00e7lanan on y\u0131ll\u0131k &#8220;Mostar 2004&#8221; ba\u015fl\u0131kl\u0131 mimari incelemeler ve at\u00f6lyeler program\u0131na de\u011findi. Bu faaliyetler Merkezin mimari programlar\u0131 \u00e7er\u00e7evesinde \u00f6nemli safhalar te\u015fkil etmi\u015flerdi ve \u015fimdi de 15-22 Temmuz 2024 tarihleri \u200b\u200baras\u0131nda d\u00fczenlenen &#8220;Mostar 2024&#8221; At\u00f6lye ve Sempozyum program\u0131yla yeni bir safhaya kavu\u015fmu\u015f oldular.<\/p>\n","protected":false},"excerpt":{"rendered":"<p>IRCICA Genel Direkt\u00f6r\u00fc Prof. Mahmud Erol K\u0131l\u0131\u00e7, Bosna Hersek Cumhurba\u015fkanl\u0131\u011f\u0131 taraf\u0131ndan 23 Temmuz 2024 tarihinde Mostar&#8217;da, Eski Mostar K\u00f6pr\u00fcs\u00fc&#8217;n\u00fcn yeniden in\u015fas\u0131n\u0131n 20. y\u0131ld\u00f6n\u00fcm\u00fcn\u00fc kutlamak ve Bosna-Hersek&#8217;te ve b\u00f6lgesinde bar\u0131\u015f ve&hellip;<\/p>\n","protected":false},"author":28,"featured_media":25044,"comment_status":"closed","ping_status":"closed","sticky":false,"template":"","format":"standard","meta":{"_acf_changed":false,"_mi_skip_tracking":false,"footnotes":""},"categories":[232],"tags":[],"cmcal_calendar":[],"class_list":["post-25049","post","type-post","status-publish","format-standard","has-post-thumbnail","hentry","category-konferans"],"acf":[],"aioseo_notices":[],"_links":{"self":[{"href":"https:\/\/www.ircica.org\/tr\/wp-json\/wp\/v2\/posts\/25049","targetHints":{"allow":["GET"]}}],"collection":[{"href":"https:\/\/www.ircica.org\/tr\/wp-json\/wp\/v2\/posts"}],"about":[{"href":"https:\/\/www.ircica.org\/tr\/wp-json\/wp\/v2\/types\/post"}],"author":[{"embeddable":true,"href":"https:\/\/www.ircica.org\/tr\/wp-json\/wp\/v2\/users\/28"}],"replies":[{"embeddable":true,"href":"https:\/\/www.ircica.org\/tr\/wp-json\/wp\/v2\/comments?post=25049"}],"version-history":[{"count":1,"href":"https:\/\/www.ircica.org\/tr\/wp-json\/wp\/v2\/posts\/25049\/revisions"}],"predecessor-version":[{"id":25050,"href":"https:\/\/www.ircica.org\/tr\/wp-json\/wp\/v2\/posts\/25049\/revisions\/25050"}],"wp:featuredmedia":[{"embeddable":true,"href":"https:\/\/www.ircica.org\/tr\/wp-json\/wp\/v2\/media\/25044"}],"wp:attachment":[{"href":"https:\/\/www.ircica.org\/tr\/wp-json\/wp\/v2\/media?parent=25049"}],"wp:term":[{"taxonomy":"category","embeddable":true,"href":"https:\/\/www.ircica.org\/tr\/wp-json\/wp\/v2\/categories?post=25049"},{"taxonomy":"post_tag","embeddable":true,"href":"https:\/\/www.ircica.org\/tr\/wp-json\/wp\/v2\/tags?post=25049"},{"taxonomy":"cmcal_calendar","embeddable":true,"href":"https:\/\/www.ircica.org\/tr\/wp-json\/wp\/v2\/cmcal_calendar?post=25049"}],"curies":[{"name":"wp","href":"https:\/\/api.w.org\/{rel}","templated":true}]}}