{"id":25182,"date":"2024-07-24T18:25:05","date_gmt":"2024-07-24T15:25:05","guid":{"rendered":"https:\/\/www.ircica.org\/faaliyetler\/general-cooperation-meeting-between-the-oic-and-the-un"},"modified":"2024-07-29T11:30:00","modified_gmt":"2024-07-29T08:30:00","slug":"islam-isbirligi-teskilati-ve-birlesmis-milletler-genel-isbirligi-toplantisi","status":"publish","type":"post","link":"https:\/\/www.ircica.org\/tr\/faaliyetler\/isbirligi\/islam-isbirligi-teskilati-ve-birlesmis-milletler-genel-isbirligi-toplantisi","title":{"rendered":"\u0130slam \u0130\u015fbirli\u011fi Te\u015fkilat\u0131 ve Birle\u015fmi\u015f Milletler Genel \u0130\u015fbirli\u011fi Toplant\u0131s\u0131"},"content":{"rendered":"<p>Birle\u015fmi\u015f Milletler (BM) ve \u0130slam \u0130\u015fbirli\u011fi Te\u015fkilat\u0131 (\u0130\u0130T) Sekreteryalar\u0131 ve bunlara ba\u011fl\u0131 uzmanl\u0131k te\u015fkilatlar\u0131 ve kurulu\u015flar\u0131 aras\u0131ndaki 16. Genel \u0130\u015fbirli\u011fi Toplant\u0131s\u0131 22-24 Temmuz 2024 tarihlerinde Astana, Kazakistan&#8217;daki \u0130\u0130T\u2019ye ba\u011fl\u0131 G\u0131da G\u00fcvenli\u011fi Te\u015fklat\u0131\u2019n\u0131n merkezinde ger\u00e7ekle\u015fti. BM-\u0130\u0130T Genel \u0130\u015fbirli\u011fi Toplant\u0131s\u0131 iki y\u0131lda bir yap\u0131l\u0131yor.<\/p>\n<p>\u0130\u0130T Ekonomik \u0130\u015flerden Sorumlu Genel Sekreter Yard\u0131mc\u0131s\u0131 Dr. Ahmad Kawesa Sengendo ve BM Siyasi \u0130\u015flerden Sorumlu Genel Sekreter Yard\u0131mc\u0131s\u0131 B\u00fcy\u00fckel\u00e7i Khaled Khiari&#8217;nin e\u015f-ba\u015fkanl\u0131\u011f\u0131nda yap\u0131lan toplant\u0131da IRCICA\u2019y\u0131 Ara\u015ft\u0131rma ve Yay\u0131nlar Ba\u015fkan\u0131 Prof. Cengiz Tomar temsil etti. Toplant\u0131ya ilgili \u0130\u0130T ve BM kurulu\u015flar\u0131ndan \u00fcst d\u00fczey yetkililer kat\u0131ld\u0131. Prof. Tomar toplant\u0131daki sunumlar\u0131nda IRCICA ile ilgili BM kurulu\u015flar\u0131 aras\u0131nda k\u00fclt\u00fcrleraras\u0131 ili\u015fkiler ve diyalog, sanat\u0131n geli\u015ftirilmesi, ve k\u00fclt\u00fcrel miras\u0131n korunmas\u0131 alanlar\u0131nda mevcut ve potansiyel i\u015fbirli\u011fi konular\u0131 hakk\u0131nda bilgi verdi. Toplant\u0131n\u0131n k\u00fclt\u00fcr d\u0131\u015f\u0131ndaki i\u015fbirli\u011fi alanlar\u0131 aras\u0131nda uluslararas\u0131 bar\u0131\u015f ve g\u00fcvenli\u011fin korunmas\u0131, \u00e7at\u0131\u015fmalar\u0131n \u00e7\u00f6z\u00fcm\u00fc ve insan\u00ee yard\u0131m konular\u0131n\u0131n yan\u0131 s\u0131ra \u00e7ok say\u0131da ekonomik, sosyal ve k\u00fclt\u00fcrel konu yer ald\u0131. Somut i\u015fbirli\u011fi alanlar\u0131 ve belirli ortak projelerin uygulanmas\u0131 \u00fczerine g\u00f6r\u00fc\u015fmeler yap\u0131ld\u0131.<\/p>\n","protected":false},"excerpt":{"rendered":"<p>Birle\u015fmi\u015f Milletler (BM) ve \u0130slam \u0130\u015fbirli\u011fi Te\u015fkilat\u0131 (\u0130\u0130T) Sekreteryalar\u0131 ve bunlara ba\u011fl\u0131 uzmanl\u0131k te\u015fkilatlar\u0131 ve kurulu\u015flar\u0131 aras\u0131ndaki 16. Genel \u0130\u015fbirli\u011fi Toplant\u0131s\u0131 22-24 Temmuz 2024 tarihlerinde Astana, Kazakistan&#8217;daki \u0130\u0130T\u2019ye ba\u011fl\u0131 G\u0131da&hellip;<\/p>\n","protected":false},"author":28,"featured_media":25180,"comment_status":"closed","ping_status":"closed","sticky":false,"template":"","format":"standard","meta":{"_acf_changed":false,"_mi_skip_tracking":false,"footnotes":""},"categories":[280],"tags":[],"cmcal_calendar":[],"class_list":["post-25182","post","type-post","status-publish","format-standard","has-post-thumbnail","hentry","category-isbirligi"],"acf":[],"aioseo_notices":[],"_links":{"self":[{"href":"https:\/\/www.ircica.org\/tr\/wp-json\/wp\/v2\/posts\/25182","targetHints":{"allow":["GET"]}}],"collection":[{"href":"https:\/\/www.ircica.org\/tr\/wp-json\/wp\/v2\/posts"}],"about":[{"href":"https:\/\/www.ircica.org\/tr\/wp-json\/wp\/v2\/types\/post"}],"author":[{"embeddable":true,"href":"https:\/\/www.ircica.org\/tr\/wp-json\/wp\/v2\/users\/28"}],"replies":[{"embeddable":true,"href":"https:\/\/www.ircica.org\/tr\/wp-json\/wp\/v2\/comments?post=25182"}],"version-history":[{"count":1,"href":"https:\/\/www.ircica.org\/tr\/wp-json\/wp\/v2\/posts\/25182\/revisions"}],"predecessor-version":[{"id":25183,"href":"https:\/\/www.ircica.org\/tr\/wp-json\/wp\/v2\/posts\/25182\/revisions\/25183"}],"wp:featuredmedia":[{"embeddable":true,"href":"https:\/\/www.ircica.org\/tr\/wp-json\/wp\/v2\/media\/25180"}],"wp:attachment":[{"href":"https:\/\/www.ircica.org\/tr\/wp-json\/wp\/v2\/media?parent=25182"}],"wp:term":[{"taxonomy":"category","embeddable":true,"href":"https:\/\/www.ircica.org\/tr\/wp-json\/wp\/v2\/categories?post=25182"},{"taxonomy":"post_tag","embeddable":true,"href":"https:\/\/www.ircica.org\/tr\/wp-json\/wp\/v2\/tags?post=25182"},{"taxonomy":"cmcal_calendar","embeddable":true,"href":"https:\/\/www.ircica.org\/tr\/wp-json\/wp\/v2\/cmcal_calendar?post=25182"}],"curies":[{"name":"wp","href":"https:\/\/api.w.org\/{rel}","templated":true}]}}