{"id":27427,"date":"2024-11-18T14:44:00","date_gmt":"2024-11-18T11:44:00","guid":{"rendered":"https:\/\/www.ircica.org\/faaliyetler\/ircica-director-general-prof-mahmud-erol-kilic-participated-in-the-international-conference-on-islamic-arts-architecture-tracing-influences-in-nepal"},"modified":"2024-11-20T14:49:14","modified_gmt":"2024-11-20T11:49:14","slug":"ircica-genel-direktoru-prof-mahmud-erol-kilic-islam-sanat-ve-mimarisi-nepaldeki-tesirlerin-izinde-konferasina-hitap-etti","status":"publish","type":"post","link":"https:\/\/www.ircica.org\/tr\/faaliyetler\/konferans\/ircica-genel-direktoru-prof-mahmud-erol-kilic-islam-sanat-ve-mimarisi-nepaldeki-tesirlerin-izinde-konferasina-hitap-etti","title":{"rendered":"IRCICA Genel Direkt\u00f6r\u00fc Prof. Mahmud Erol K\u0131l\u0131\u00e7 \u201c\u0130slam Sanat ve Mimarisi: Nepal\u2019deki Tesirlerin \u0130zinde\u201d konferas\u0131na hitap etti"},"content":{"rendered":"<p>Nepal\u2019in Ba\u015fkenti Katmandu\u2019da \u201cThe Mother Foundation\u201d kurumunun d\u00fczenledi\u011fi \u201c\u0130slam Sanat ve Mimarisi: Nepal\u2019deki Tesirlerin \u0130zinde\u201d konulu uluslararas\u0131 konferans 18-20 Kas\u0131m 2024\u2019te Nepal G\u00fczel Sanatlar Akademisinde ger\u00e7ekle\u015ftirildi. Bir sanat ve elsanatlar\u0131 sergisinin de yer ald\u0131\u011f\u0131 konferans, UNESCO Uluslararas\u0131 \u0130slam Sanatlar\u0131 G\u00fcn\u00fc vesilesiyle d\u00fczenlenmi\u015fti. Nepal eski devlet ba\u015fkan\u0131 Bn. Bidya Devi Bhandari konferans\u0131n onur konu\u011fu idi. Konferansta bri konu\u015fma yapmak \u00fczere davetli olan IRCICA Genel Direkt\u00f6r\u00fc Prof. Mahmued Erol kIl\u0131\u00e7 konu\u015fmas\u0131nda \u0130slam sanatlar\u0131n\u0131n devaml\u0131l\u0131\u011f\u0131n\u0131 ve d\u00fcnya \u00e7ap\u0131nda yay\u0131l\u0131\u015f\u0131n\u0131 destekleyen bir fakt\u00f6r olarak \u0130slam sanatlar\u0131n\u0131n \u00a0felsefesinden s\u00f6z etti. Prof. K\u0131l\u0131\u00e7 cami mimarisi ve \u0130slam\u00ee tarz ve \u00fcsluptaki s\u00fcslemelerin geleneksel Nepal \u00fcslup ve malzemeleriyle ula\u015fm\u0131\u015f oldu\u011fu e\u015fsiz kar\u0131\u015f\u0131mlar\u0131, \u00f6zg\u00fcn \u0130slam\u00ee \u00fcsluplar\u0131 yerel estetik tercihler ve do\u011fal malzemelerle birle\u015ftiren Arap harfli hat levhalar\u0131 gibi sanat eserlerini incelemenin \u00f6nemini vurgulad\u0131. IRCICA&#8217;n\u0131n \u0130slam sanatlar\u0131 ve mimarisine y\u00f6nelik \u00e7al\u0131\u015fmalar\u0131n\u0131n ama\u00e7lar\u0131 ve konular\u0131 hakk\u0131nda konferans kat\u0131l\u0131mc\u0131lar\u0131na bilgi verdi.<\/p>\n","protected":false},"excerpt":{"rendered":"<p>Nepal\u2019in Ba\u015fkenti Katmandu\u2019da \u201cThe Mother Foundation\u201d kurumunun d\u00fczenledi\u011fi \u201c\u0130slam Sanat ve Mimarisi: Nepal\u2019deki Tesirlerin \u0130zinde\u201d konulu uluslararas\u0131 konferans 18-20 Kas\u0131m 2024\u2019te Nepal G\u00fczel Sanatlar Akademisinde ger\u00e7ekle\u015ftirildi. Bir sanat ve elsanatlar\u0131&hellip;<\/p>\n","protected":false},"author":28,"featured_media":27425,"comment_status":"closed","ping_status":"closed","sticky":false,"template":"","format":"standard","meta":{"_acf_changed":false,"_mi_skip_tracking":false,"footnotes":""},"categories":[232],"tags":[],"cmcal_calendar":[],"class_list":["post-27427","post","type-post","status-publish","format-standard","has-post-thumbnail","hentry","category-konferans"],"acf":[],"aioseo_notices":[],"_links":{"self":[{"href":"https:\/\/www.ircica.org\/tr\/wp-json\/wp\/v2\/posts\/27427","targetHints":{"allow":["GET"]}}],"collection":[{"href":"https:\/\/www.ircica.org\/tr\/wp-json\/wp\/v2\/posts"}],"about":[{"href":"https:\/\/www.ircica.org\/tr\/wp-json\/wp\/v2\/types\/post"}],"author":[{"embeddable":true,"href":"https:\/\/www.ircica.org\/tr\/wp-json\/wp\/v2\/users\/28"}],"replies":[{"embeddable":true,"href":"https:\/\/www.ircica.org\/tr\/wp-json\/wp\/v2\/comments?post=27427"}],"version-history":[{"count":1,"href":"https:\/\/www.ircica.org\/tr\/wp-json\/wp\/v2\/posts\/27427\/revisions"}],"predecessor-version":[{"id":27428,"href":"https:\/\/www.ircica.org\/tr\/wp-json\/wp\/v2\/posts\/27427\/revisions\/27428"}],"wp:featuredmedia":[{"embeddable":true,"href":"https:\/\/www.ircica.org\/tr\/wp-json\/wp\/v2\/media\/27425"}],"wp:attachment":[{"href":"https:\/\/www.ircica.org\/tr\/wp-json\/wp\/v2\/media?parent=27427"}],"wp:term":[{"taxonomy":"category","embeddable":true,"href":"https:\/\/www.ircica.org\/tr\/wp-json\/wp\/v2\/categories?post=27427"},{"taxonomy":"post_tag","embeddable":true,"href":"https:\/\/www.ircica.org\/tr\/wp-json\/wp\/v2\/tags?post=27427"},{"taxonomy":"cmcal_calendar","embeddable":true,"href":"https:\/\/www.ircica.org\/tr\/wp-json\/wp\/v2\/cmcal_calendar?post=27427"}],"curies":[{"name":"wp","href":"https:\/\/api.w.org\/{rel}","templated":true}]}}