{"id":27762,"date":"2024-12-13T15:03:18","date_gmt":"2024-12-13T12:03:18","guid":{"rendered":"https:\/\/www.ircica.org\/faaliyetler\/director-general-prof-kilic-participated-in-selcuk-universitys-mevlana-symposium"},"modified":"2024-12-13T15:07:00","modified_gmt":"2024-12-13T12:07:00","slug":"genel-direktor-prof-kilic-selcuk-universitesi-mevlana-sempoyumuna-katildi","status":"publish","type":"post","link":"https:\/\/www.ircica.org\/tr\/faaliyetler\/konferans\/genel-direktor-prof-kilic-selcuk-universitesi-mevlana-sempoyumuna-katildi","title":{"rendered":"Genel Direkt\u00f6r Prof. K\u0131l\u0131\u00e7 Sel\u00e7uk \u00dcniversitesi Mevlana Sempoyumuna kat\u0131ld\u0131"},"content":{"rendered":"<p>IRCICA Genel Direkt\u00f6r\u00fc Prof. Mahmud Erol K\u0131l\u0131\u00e7, Konya, Sel\u00e7uk \u00dcniversitesi Sel\u00e7uklu Ara\u015ft\u0131rmalar\u0131 Enstit\u00fcs\u00fc taraf\u0131ndan 12-13 Aral\u0131k 2024\u2019te d\u00fczenlenen \u201cMevlana&#8217;n\u0131n Sel\u00e7uklu D\u00fcnyas\u0131 &#8211; Bir Mevlana Prosopografisi\u201d sempozyumunda yapt\u0131\u011f\u0131 konu\u015fmada tasavvuf ilminin, sufilerin ve ariflerin toplumla ba\u011flant\u0131s\u0131n\u0131 anlaman\u0131n gereklili\u011fini vurgulayarak Mevlana&#8217;n\u0131n hayat\u0131, d\u00fc\u015f\u00fcncesi ve \u00f6\u011fretisi incelenirken toplumsal ba\u011flamlar\u0131n\u0131n dikkate al\u0131nmas\u0131n\u0131n \u00f6nemine de\u011findi.<\/p>\n<p><a href=\"https:\/\/www.ircica.org\/wp-content\/uploads\/2024\/12\/director-general-prof-kilic-participated-in-selcuk-universitys-mevlana-symposium-2.jpg\" data-rel=\"penci-gallery-image-content\" ><img fetchpriority=\"high\" decoding=\"async\" class=\"alignnone size-full wp-image-27755\" src=\"https:\/\/www.ircica.org\/wp-content\/uploads\/2024\/12\/director-general-prof-kilic-participated-in-selcuk-universitys-mevlana-symposium-2.jpg\" alt=\"\" width=\"1920\" height=\"1080\" srcset=\"https:\/\/www.ircica.org\/wp-content\/uploads\/2024\/12\/director-general-prof-kilic-participated-in-selcuk-universitys-mevlana-symposium-2.jpg 1920w, https:\/\/www.ircica.org\/wp-content\/uploads\/2024\/12\/director-general-prof-kilic-participated-in-selcuk-universitys-mevlana-symposium-2-780x439.jpg 780w, https:\/\/www.ircica.org\/wp-content\/uploads\/2024\/12\/director-general-prof-kilic-participated-in-selcuk-universitys-mevlana-symposium-2-1230x692.jpg 1230w, https:\/\/www.ircica.org\/wp-content\/uploads\/2024\/12\/director-general-prof-kilic-participated-in-selcuk-universitys-mevlana-symposium-2-585x329.jpg 585w, https:\/\/www.ircica.org\/wp-content\/uploads\/2024\/12\/director-general-prof-kilic-participated-in-selcuk-universitys-mevlana-symposium-2-768x432.jpg 768w, https:\/\/www.ircica.org\/wp-content\/uploads\/2024\/12\/director-general-prof-kilic-participated-in-selcuk-universitys-mevlana-symposium-2-1536x864.jpg 1536w, https:\/\/www.ircica.org\/wp-content\/uploads\/2024\/12\/director-general-prof-kilic-participated-in-selcuk-universitys-mevlana-symposium-2-1170x658.jpg 1170w, https:\/\/www.ircica.org\/wp-content\/uploads\/2024\/12\/director-general-prof-kilic-participated-in-selcuk-universitys-mevlana-symposium-2-375x211.jpg 375w\" sizes=\"(max-width: 1920px) 100vw, 1920px\" \/><\/a><\/p>\n","protected":false},"excerpt":{"rendered":"<p>IRCICA Genel Direkt\u00f6r\u00fc Prof. Mahmud Erol K\u0131l\u0131\u00e7, Konya, Sel\u00e7uk \u00dcniversitesi Sel\u00e7uklu Ara\u015ft\u0131rmalar\u0131 Enstit\u00fcs\u00fc taraf\u0131ndan 12-13 Aral\u0131k 2024\u2019te d\u00fczenlenen \u201cMevlana&#8217;n\u0131n Sel\u00e7uklu D\u00fcnyas\u0131 &#8211; Bir Mevlana Prosopografisi\u201d sempozyumunda yapt\u0131\u011f\u0131 konu\u015fmada tasavvuf ilminin,&hellip;<\/p>\n","protected":false},"author":28,"featured_media":27754,"comment_status":"closed","ping_status":"closed","sticky":false,"template":"","format":"standard","meta":{"_acf_changed":false,"_mi_skip_tracking":false,"footnotes":""},"categories":[232],"tags":[],"cmcal_calendar":[],"class_list":["post-27762","post","type-post","status-publish","format-standard","has-post-thumbnail","hentry","category-konferans"],"acf":[],"aioseo_notices":[],"_links":{"self":[{"href":"https:\/\/www.ircica.org\/tr\/wp-json\/wp\/v2\/posts\/27762","targetHints":{"allow":["GET"]}}],"collection":[{"href":"https:\/\/www.ircica.org\/tr\/wp-json\/wp\/v2\/posts"}],"about":[{"href":"https:\/\/www.ircica.org\/tr\/wp-json\/wp\/v2\/types\/post"}],"author":[{"embeddable":true,"href":"https:\/\/www.ircica.org\/tr\/wp-json\/wp\/v2\/users\/28"}],"replies":[{"embeddable":true,"href":"https:\/\/www.ircica.org\/tr\/wp-json\/wp\/v2\/comments?post=27762"}],"version-history":[{"count":1,"href":"https:\/\/www.ircica.org\/tr\/wp-json\/wp\/v2\/posts\/27762\/revisions"}],"predecessor-version":[{"id":27765,"href":"https:\/\/www.ircica.org\/tr\/wp-json\/wp\/v2\/posts\/27762\/revisions\/27765"}],"wp:featuredmedia":[{"embeddable":true,"href":"https:\/\/www.ircica.org\/tr\/wp-json\/wp\/v2\/media\/27754"}],"wp:attachment":[{"href":"https:\/\/www.ircica.org\/tr\/wp-json\/wp\/v2\/media?parent=27762"}],"wp:term":[{"taxonomy":"category","embeddable":true,"href":"https:\/\/www.ircica.org\/tr\/wp-json\/wp\/v2\/categories?post=27762"},{"taxonomy":"post_tag","embeddable":true,"href":"https:\/\/www.ircica.org\/tr\/wp-json\/wp\/v2\/tags?post=27762"},{"taxonomy":"cmcal_calendar","embeddable":true,"href":"https:\/\/www.ircica.org\/tr\/wp-json\/wp\/v2\/cmcal_calendar?post=27762"}],"curies":[{"name":"wp","href":"https:\/\/api.w.org\/{rel}","templated":true}]}}