{"id":28771,"date":"2025-03-24T14:46:32","date_gmt":"2025-03-24T11:46:32","guid":{"rendered":"https:\/\/www.ircica.org\/faaliyetler\/visit-of-students-from-germany"},"modified":"2025-03-25T13:56:38","modified_gmt":"2025-03-25T10:56:38","slug":"almanyadan-ogrencilerin-ziyareti","status":"publish","type":"post","link":"https:\/\/www.ircica.org\/tr\/faaliyetler\/toplantilar-ve-ziyaretler\/almanyadan-ogrencilerin-ziyareti","title":{"rendered":"Almanya\u2019dan \u00f6\u011frencilerin ziyareti"},"content":{"rendered":"<p>Alman \u0130slam Akademisi\u2019nden (Berlin) \u0130mam Ender \u00c7etin ba\u015fkanl\u0131\u011f\u0131ndaki yirmi civar\u0131nda \u00f6\u011frenci T\u00fcrkiye\u2019ye e\u011fitim ama\u00e7l\u0131 ziyaretleri \u00e7er\u00e7evesinde 24 Mart 2025\u2019te IRCICA\u2019y\u0131 ziyaret ettiler. \u00d6nce Genel Direkt\u00f6r Prof. Mahmud Erol K\u0131l\u0131\u00e7 taraf\u0131ndan kabul edilen gruba daha sonra Y\u00f6netim Asistan\u0131 Yekta Z\u00fclfikar taraf\u0131ndan Merkez faaliyetleri ve Dan\u0131\u015fman Dr. Didar Bay\u0131r taraf\u0131ndan kitap ve belge koleksiyonlar\u0131 tan\u0131t\u0131ld\u0131.<\/p>\n","protected":false},"excerpt":{"rendered":"<p>Alman \u0130slam Akademisi\u2019nden (Berlin) \u0130mam Ender \u00c7etin ba\u015fkanl\u0131\u011f\u0131ndaki yirmi civar\u0131nda \u00f6\u011frenci T\u00fcrkiye\u2019ye e\u011fitim ama\u00e7l\u0131 ziyaretleri \u00e7er\u00e7evesinde 24 Mart 2025\u2019te IRCICA\u2019y\u0131 ziyaret ettiler. \u00d6nce Genel Direkt\u00f6r Prof. Mahmud Erol K\u0131l\u0131\u00e7 taraf\u0131ndan&hellip;<\/p>\n","protected":false},"author":28,"featured_media":28767,"comment_status":"closed","ping_status":"closed","sticky":false,"template":"","format":"standard","meta":{"_acf_changed":false,"_mi_skip_tracking":false,"footnotes":""},"categories":[242],"tags":[],"cmcal_calendar":[],"class_list":["post-28771","post","type-post","status-publish","format-standard","has-post-thumbnail","hentry","category-toplantilar-ve-ziyaretler"],"acf":[],"aioseo_notices":[],"_links":{"self":[{"href":"https:\/\/www.ircica.org\/tr\/wp-json\/wp\/v2\/posts\/28771","targetHints":{"allow":["GET"]}}],"collection":[{"href":"https:\/\/www.ircica.org\/tr\/wp-json\/wp\/v2\/posts"}],"about":[{"href":"https:\/\/www.ircica.org\/tr\/wp-json\/wp\/v2\/types\/post"}],"author":[{"embeddable":true,"href":"https:\/\/www.ircica.org\/tr\/wp-json\/wp\/v2\/users\/28"}],"replies":[{"embeddable":true,"href":"https:\/\/www.ircica.org\/tr\/wp-json\/wp\/v2\/comments?post=28771"}],"version-history":[{"count":2,"href":"https:\/\/www.ircica.org\/tr\/wp-json\/wp\/v2\/posts\/28771\/revisions"}],"predecessor-version":[{"id":28777,"href":"https:\/\/www.ircica.org\/tr\/wp-json\/wp\/v2\/posts\/28771\/revisions\/28777"}],"wp:featuredmedia":[{"embeddable":true,"href":"https:\/\/www.ircica.org\/tr\/wp-json\/wp\/v2\/media\/28767"}],"wp:attachment":[{"href":"https:\/\/www.ircica.org\/tr\/wp-json\/wp\/v2\/media?parent=28771"}],"wp:term":[{"taxonomy":"category","embeddable":true,"href":"https:\/\/www.ircica.org\/tr\/wp-json\/wp\/v2\/categories?post=28771"},{"taxonomy":"post_tag","embeddable":true,"href":"https:\/\/www.ircica.org\/tr\/wp-json\/wp\/v2\/tags?post=28771"},{"taxonomy":"cmcal_calendar","embeddable":true,"href":"https:\/\/www.ircica.org\/tr\/wp-json\/wp\/v2\/cmcal_calendar?post=28771"}],"curies":[{"name":"wp","href":"https:\/\/api.w.org\/{rel}","templated":true}]}}