{"id":32060,"date":"2026-04-28T15:18:50","date_gmt":"2026-04-28T12:18:50","guid":{"rendered":"https:\/\/www.ircica.org\/faaliyetler\/imam-bukhari-research-center-samarkand-and-ircica-joint-online-seminars-on-early-dictionaries-of-the-quran-in-central-asia-and-hadith-literature-sources-from-the-ashtarkhanid-period-march-and-april-2026"},"modified":"2026-04-29T15:23:30","modified_gmt":"2026-04-29T12:23:30","slug":"imam-bukhari-research-center-samarkand-and-ircica-joint-online-seminars-on-early-dictionaries-of-the-quran-in-central-asia-and-hadith-literature-sources-from-the-ashtarkhanid-period-march-and-april-2026","status":"publish","type":"post","link":"https:\/\/www.ircica.org\/tr\/faaliyetler\/konferans\/imam-bukhari-research-center-samarkand-and-ircica-joint-online-seminars-on-early-dictionaries-of-the-quran-in-central-asia-and-hadith-literature-sources-from-the-ashtarkhanid-period-march-and-april-2026","title":{"rendered":"\u0130mam Buhari Ara\u015ft\u0131rma Merkezi (Semerkant) ve IRCICA&#8217;n\u0131n Mart-Nisan 2026 \u00e7evrimi\u00e7i seminerleri:\u201cOrta Asya&#8217;da Erken D\u00f6nem Kur&#8217;an S\u00f6zl\u00fckleri\u201d ve \u201cHadis Literat\u00fcr\u00fcnde E\u015fterhanl\u0131 D\u00f6nemi Kaynaklar\u0131\u201d"},"content":{"rendered":"<div class=\"elementToProof\">\n<div class=\"elementToProof\">\u0130mam Buhari Uluslararas\u0131 Bilimsel Ara\u015ft\u0131rma Merkezi (Semerkant, \u00d6zbekistan) ve IRCICA&#8217;n\u0131n birlikte d\u00fczenledikleri uluslararas\u0131 \u00e7evrimi\u00e7i program Mart ve Nisan 2026\u2019da iki seminerle devam etti: Almat\u0131, Kazakistan&#8217;daki S\u00fcleymanov Do\u011fu Ara\u015ft\u0131rmalar\u0131 Enstit\u00fcs\u00fc&#8217;nden Dr. Bagdat Dyussenov&#8217;un \u201cKur&#8217;an S\u00f6zl\u00fckleri, Mukaddimet\u00fc&#8217;l-Edab ve Meml\u00fck D\u00f6nemi: Bi\u00e7imde ve Muhtevada S\u00fcreklilik\u201d ba\u015fl\u0131kl\u0131 konu\u015fmas\u0131 26 Mart 2026\u2019da, \u00d6zbekistan Cumhuriyeti Bilimler Akademisi, Biruni Do\u011fu Ara\u015ft\u0131rmalar\u0131 Enstit\u00fcs\u00fc&#8217;nden Dr. Mirzaev Nasriddin Mukhriddinovich&#8217;in \u201cHadis Literat\u00fcr\u00fcnde E\u015fterhanl\u0131 D\u00f6nemi Kaynaklar\u0131n\u0131n Analizi\u201d ba\u015fl\u0131kl\u0131 konu\u015fmas\u0131 28 Nisan 2026\u2019da ger\u00e7ekle\u015fti. Seminerlere YouTube \u00fczerinden eri\u015filebilir.<\/div>\n<div class=\"elementToProof\"><\/div>\n<div class=\"elementToProof\">\u0130lk seminer Orta Asya&#8217;da ilk Arap\u00e7a-Fars\u00e7a-T\u00fcrk\u00e7e Kur\u2019an s\u00f6zl\u00fcklerinin ortaya \u00e7\u0131k\u0131\u015f\u0131n\u0131, Zemah\u015fari&#8217;nin (\u00f6. 1144) Mukaddimet\u00fc&#8217;l-Edab adl\u0131 eserinin ve Alt\u0131n Orda&#8217;n\u0131n ilim miras\u0131n\u0131n bu s\u00f6zl\u00fcklerin derlenmesindeki \u00f6nemini ve daha sonra bu uzmanl\u0131klar\u0131n 13.-16. y\u00fczy\u0131llarda M\u0131s\u0131r Meml\u00fck ve Suriye ba\u011flamlar\u0131na ge\u00e7i\u015fini ele ald\u0131.<\/div>\n<div class=\"elementToProof\">\u0130kinci konu\u015fmac\u0131, Buhara\u2019da E\u015ftarhanl\u0131 Hanedan\u0131 d\u00f6nemindeki (1599-1785) Hadis kaynaklar\u0131 ve derleme y\u00f6ntemleri \u00fczerine derinlemesine bir ara\u015ft\u0131rman\u0131n bulgular\u0131n\u0131 aktard\u0131. S\u00f6z konusu d\u00f6nemde Buhara \u0130slam ilimleri alan\u0131nda faal bir merkez haline gelmi\u015fti.<\/div>\n<div class=\"elementToProof\"><b>\u00a0<\/b><\/div>\n<p><a href=\"https:\/\/www.ircica.org\/wp-content\/uploads\/2026\/04\/29Nisan2.jpg\" data-rel=\"penci-gallery-image-content\" ><img fetchpriority=\"high\" decoding=\"async\" class=\"alignnone size-full wp-image-32051\" src=\"https:\/\/www.ircica.org\/wp-content\/uploads\/2026\/04\/29Nisan2.jpg\" alt=\"\" width=\"6000\" height=\"3375\" srcset=\"https:\/\/www.ircica.org\/wp-content\/uploads\/2026\/04\/29Nisan2.jpg 6000w, https:\/\/www.ircica.org\/wp-content\/uploads\/2026\/04\/29Nisan2-780x439.jpg 780w, https:\/\/www.ircica.org\/wp-content\/uploads\/2026\/04\/29Nisan2-1230x692.jpg 1230w, https:\/\/www.ircica.org\/wp-content\/uploads\/2026\/04\/29Nisan2-585x329.jpg 585w, https:\/\/www.ircica.org\/wp-content\/uploads\/2026\/04\/29Nisan2-768x432.jpg 768w, https:\/\/www.ircica.org\/wp-content\/uploads\/2026\/04\/29Nisan2-1536x864.jpg 1536w, https:\/\/www.ircica.org\/wp-content\/uploads\/2026\/04\/29Nisan2-2048x1152.jpg 2048w, https:\/\/www.ircica.org\/wp-content\/uploads\/2026\/04\/29Nisan2-1920x1080.jpg 1920w, https:\/\/www.ircica.org\/wp-content\/uploads\/2026\/04\/29Nisan2-1170x658.jpg 1170w, https:\/\/www.ircica.org\/wp-content\/uploads\/2026\/04\/29Nisan2-375x211.jpg 375w\" sizes=\"(max-width: 6000px) 100vw, 6000px\" \/><\/a><\/div>\n","protected":false},"excerpt":{"rendered":"<p>\u0130mam Buhari Uluslararas\u0131 Bilimsel Ara\u015ft\u0131rma Merkezi (Semerkant, \u00d6zbekistan) ve IRCICA&#8217;n\u0131n birlikte d\u00fczenledikleri uluslararas\u0131 \u00e7evrimi\u00e7i program Mart ve Nisan 2026\u2019da iki seminerle devam etti: Almat\u0131, Kazakistan&#8217;daki S\u00fcleymanov Do\u011fu Ara\u015ft\u0131rmalar\u0131 Enstit\u00fcs\u00fc&#8217;nden Dr.&hellip;<\/p>\n","protected":false},"author":28,"featured_media":32058,"comment_status":"closed","ping_status":"closed","sticky":false,"template":"","format":"standard","meta":{"_acf_changed":false,"_mi_skip_tracking":false,"footnotes":""},"categories":[232],"tags":[],"cmcal_calendar":[],"class_list":["post-32060","post","type-post","status-publish","format-standard","has-post-thumbnail","hentry","category-konferans"],"acf":[],"aioseo_notices":[],"_links":{"self":[{"href":"https:\/\/www.ircica.org\/tr\/wp-json\/wp\/v2\/posts\/32060","targetHints":{"allow":["GET"]}}],"collection":[{"href":"https:\/\/www.ircica.org\/tr\/wp-json\/wp\/v2\/posts"}],"about":[{"href":"https:\/\/www.ircica.org\/tr\/wp-json\/wp\/v2\/types\/post"}],"author":[{"embeddable":true,"href":"https:\/\/www.ircica.org\/tr\/wp-json\/wp\/v2\/users\/28"}],"replies":[{"embeddable":true,"href":"https:\/\/www.ircica.org\/tr\/wp-json\/wp\/v2\/comments?post=32060"}],"version-history":[{"count":1,"href":"https:\/\/www.ircica.org\/tr\/wp-json\/wp\/v2\/posts\/32060\/revisions"}],"predecessor-version":[{"id":32061,"href":"https:\/\/www.ircica.org\/tr\/wp-json\/wp\/v2\/posts\/32060\/revisions\/32061"}],"wp:featuredmedia":[{"embeddable":true,"href":"https:\/\/www.ircica.org\/tr\/wp-json\/wp\/v2\/media\/32058"}],"wp:attachment":[{"href":"https:\/\/www.ircica.org\/tr\/wp-json\/wp\/v2\/media?parent=32060"}],"wp:term":[{"taxonomy":"category","embeddable":true,"href":"https:\/\/www.ircica.org\/tr\/wp-json\/wp\/v2\/categories?post=32060"},{"taxonomy":"post_tag","embeddable":true,"href":"https:\/\/www.ircica.org\/tr\/wp-json\/wp\/v2\/tags?post=32060"},{"taxonomy":"cmcal_calendar","embeddable":true,"href":"https:\/\/www.ircica.org\/tr\/wp-json\/wp\/v2\/cmcal_calendar?post=32060"}],"curies":[{"name":"wp","href":"https:\/\/api.w.org\/{rel}","templated":true}]}}