{"id":4167,"date":"2020-07-15T00:00:41","date_gmt":"2020-07-14T21:00:41","guid":{"rendered":"https:\/\/www.ircica.org\/?p=4167"},"modified":"2020-07-15T12:14:34","modified_gmt":"2020-07-15T09:14:34","slug":"15-temmuz-demokrasi-ve-milli-birlik-gunu-vesilesiyle-ircica-genel-direktoru-prof-dr-halit-erenin-mesaji","status":"publish","type":"post","link":"https:\/\/www.ircica.org\/tr\/faaliyetler\/15-temmuz-demokrasi-ve-milli-birlik-gunu-vesilesiyle-ircica-genel-direktoru-prof-dr-halit-erenin-mesaji","title":{"rendered":"15 Temmuz Demokrasi ve Milli Birlik G\u00fcn\u00fc vesilesiyle IRCICA Genel Direkt\u00f6r\u00fc Prof. Dr. Halit Eren\u2019in mesaj\u0131"},"content":{"rendered":"<p>\u00dclkemizde h\u00fcrriyeti, demokrasiyi ve huzuru hedef alarak FET\u00d6 \u00e7etesi taraf\u0131ndan 15 Temmuz 2016\u2019da kalk\u0131\u015f\u0131lan fakat Resi-i Cumhurumuzun g\u00fc\u00e7l\u00fc y\u00f6netimi ve milletimizin inan\u00e7l\u0131 direni\u015fi sayesinde akamete u\u011frat\u0131lan menfur darbe te\u015febb\u00fcs\u00fcn\u00fc bir defa daha \u015fiddetle k\u0131nar, 15 Temmuz Demokrasi ve Milli Birlik G\u00fcn\u00fcm\u00fcz vesilesiyle \u00fclkemize ve milletimize bar\u0131\u015f, refah ve mutlu gelecekler dilerim.<\/p>\n<p>Prof. Dr. Halit Eren<br \/>\nGenel Direkt\u00f6r<br \/>\n\u0130slam Tarih, Sanat ve K\u00fclt\u00fcr Ara\u015ft\u0131rma Merkezi &#8211; IRCICA<\/p>\n","protected":false},"excerpt":{"rendered":"<p>\u00dclkemizde h\u00fcrriyeti, demokrasiyi ve huzuru hedef alarak FET\u00d6 \u00e7etesi taraf\u0131ndan 15 Temmuz 2016\u2019da kalk\u0131\u015f\u0131lan fakat Resi-i Cumhurumuzun g\u00fc\u00e7l\u00fc y\u00f6netimi ve milletimizin inan\u00e7l\u0131 direni\u015fi sayesinde akamete u\u011frat\u0131lan menfur darbe te\u015febb\u00fcs\u00fcn\u00fc bir&hellip;<\/p>\n","protected":false},"author":1,"featured_media":4177,"comment_status":"closed","ping_status":"closed","sticky":false,"template":"","format":"standard","meta":{"_acf_changed":false,"_mi_skip_tracking":false,"footnotes":""},"categories":[10],"tags":[],"cmcal_calendar":[],"class_list":["post-4167","post","type-post","status-publish","format-standard","has-post-thumbnail","hentry","category-faaliyetler"],"acf":[],"aioseo_notices":[],"_links":{"self":[{"href":"https:\/\/www.ircica.org\/tr\/wp-json\/wp\/v2\/posts\/4167","targetHints":{"allow":["GET"]}}],"collection":[{"href":"https:\/\/www.ircica.org\/tr\/wp-json\/wp\/v2\/posts"}],"about":[{"href":"https:\/\/www.ircica.org\/tr\/wp-json\/wp\/v2\/types\/post"}],"author":[{"embeddable":true,"href":"https:\/\/www.ircica.org\/tr\/wp-json\/wp\/v2\/users\/1"}],"replies":[{"embeddable":true,"href":"https:\/\/www.ircica.org\/tr\/wp-json\/wp\/v2\/comments?post=4167"}],"version-history":[{"count":0,"href":"https:\/\/www.ircica.org\/tr\/wp-json\/wp\/v2\/posts\/4167\/revisions"}],"wp:featuredmedia":[{"embeddable":true,"href":"https:\/\/www.ircica.org\/tr\/wp-json\/wp\/v2\/media\/4177"}],"wp:attachment":[{"href":"https:\/\/www.ircica.org\/tr\/wp-json\/wp\/v2\/media?parent=4167"}],"wp:term":[{"taxonomy":"category","embeddable":true,"href":"https:\/\/www.ircica.org\/tr\/wp-json\/wp\/v2\/categories?post=4167"},{"taxonomy":"post_tag","embeddable":true,"href":"https:\/\/www.ircica.org\/tr\/wp-json\/wp\/v2\/tags?post=4167"},{"taxonomy":"cmcal_calendar","embeddable":true,"href":"https:\/\/www.ircica.org\/tr\/wp-json\/wp\/v2\/cmcal_calendar?post=4167"}],"curies":[{"name":"wp","href":"https:\/\/api.w.org\/{rel}","templated":true}]}}