{"id":5208,"date":"2020-03-20T05:13:04","date_gmt":"2020-03-20T02:13:04","guid":{"rendered":"https:\/\/www.ircica.org\/haberler\/director-general-prof-halit-erens-note-on-the-centres-activities-during-the-covid-19-pandemic-outbreak"},"modified":"2022-02-07T11:45:26","modified_gmt":"2022-02-07T08:45:26","slug":"ircica-genel-direktoru-prof-halit-erenin-koronavirus-salgini-suresince-uzaktan-calisma-doneminde-ircicanin-yuruttugu-faaliyetlerle-ilgili-notu","status":"publish","type":"post","link":"https:\/\/www.ircica.org\/tr\/faaliyetler\/konferans\/ircica-genel-direktoru-prof-halit-erenin-koronavirus-salgini-suresince-uzaktan-calisma-doneminde-ircicanin-yuruttugu-faaliyetlerle-ilgili-notu","title":{"rendered":"IRCICA Genel Direkt\u00f6r\u00fc Prof. Halit Eren\u2019in koronavir\u00fcs salg\u0131n\u0131 s\u00fcresince uzaktan \u00e7al\u0131\u015fma d\u00f6neminde IRCICA\u2019n\u0131n y\u00fcr\u00fctt\u00fc\u011f\u00fc faaliyetlerle ilgili notu"},"content":{"rendered":"<p>D\u00fcnya \u00e7ap\u0131nda y\u00fcz binlerce can alan, toplum sa\u011fl\u0131\u011f\u0131na ve ekonomik hayata a\u011f\u0131r darbeler vuran koronavir\u00fcs salg\u0131n\u0131yla insanl\u0131k bug\u00fcn, tarihinin en a\u011f\u0131r k\u00fcresel krizlerinden birini ya\u015famaktad\u0131r.<\/p>\n<p>\u0130slam \u0130\u015fbirli\u011fi Te\u015fkilat\u0131\u2019n\u0131n (\u0130\u0130T) k\u00fclt\u00fcr ara\u015ft\u0131rmalar\u0131 ve uluslararas\u0131 k\u00fclt\u00fcrel i\u015fbirli\u011fi merkezi IRCICA, k\u00fcresel salg\u0131n\u0131n \u0130\u0130T \u00dcye \u00dclkelerinde ve t\u00fcm d\u00fcnyadaki etkilerini \u00f6zellikle kendi faaliyet alanlar\u0131ndaki geli\u015fmeler a\u00e7\u0131s\u0131ndan takip etmektedir. K\u00fclt\u00fcr ve sanat d\u00fcnyas\u0131nda, akademik \u00e7al\u0131\u015fmalarda, k\u00fclt\u00fcr miras\u0131yla ba\u011flant\u0131l\u0131 faaliyetlerde ve bu alanlardaki uluslararas\u0131 ili\u015fkilerde bu salg\u0131n dolay\u0131s\u0131yla ne gibi de\u011fi\u015fimler kaydedildi\u011fini ve s\u00fcrd\u00fcr\u00fclebilir bir ilerleme i\u00e7in bu d\u00f6nemde neler yap\u0131labilece\u011fini de\u011ferlendirmektedir. Bu ba\u011flamda Merkezimiz i\u00e7inde bulunulan d\u00f6nem i\u00e7in planlanm\u0131\u015f bulunan faaliyetlerinden bir k\u0131sm\u0131n\u0131 bu geli\u015fmelerin \u0131\u015f\u0131\u011f\u0131nda yeniden \u015fekillendirmi\u015f ve ortaya \u00e7\u0131kan ihtiya\u00e7lara g\u00f6re bunlara yenilerini eklemi\u015ftir.<\/p>\n<p>Bu \u00e7al\u0131\u015fmalar, IRCICA\u2019n\u0131n ba\u011fl\u0131 bulundu\u011fu \u0130\u0130T\u2019nin kurulu\u015f \u015eart\u0131\u2019nda \u00f6ng\u00f6r\u00fclen, \u201c\u2026 insan\u00ee acil yard\u0131m gereklili\u011fi durumlar\u0131nda \u00dcye Devletlerin aras\u0131nda i\u015fbirli\u011fi ve koordinasyonu sa\u011flamak\u201d amac\u0131 \u00e7er\u00e7evesinde \u00f6ncelikle ele al\u0131nm\u0131\u015ft\u0131r. Bu ba\u011flamda, devam etmekte olan faaliyetlerimizin yan\u0131nda, yine kendi ara\u015ft\u0131rma ve inceleme alanlar\u0131m\u0131z\u0131n i\u00e7inden, k\u00fcresel salg\u0131n\u0131n ba\u011flam\u0131nda \u00f6ne \u00e7\u0131kan birtak\u0131m konular\u0131 tespit ederek yeniden g\u00fcndeme al\u0131yoruz. \u00dcye \u00dclkelerde ve t\u00fcm d\u00fcnyada k\u00fclt\u00fcrel, din\u00ee, etnik veya mill\u00ee kimlikleri ve co\u011fraf\u00ee konumlar\u0131 ne olursa olsun toplumlar\u0131n birlikte ya\u015fama bilincini, manev\u00ee g\u00fcc\u00fcn\u00fc ve dayan\u0131\u015fmas\u0131n\u0131 artt\u0131rmaya yard\u0131mc\u0131 olacak k\u00fclt\u00fcrel ortakl\u0131klar\u0131, payla\u015f\u0131mlar\u0131 ve fark\u0131ndal\u0131klar\u0131 tarih, bilim, sanat ve k\u00fclt\u00fcr\u00fcn arac\u0131l\u0131\u011f\u0131yla ortaya koymay\u0131 ama\u00e7l\u0131yoruz.<\/p>\n<p>IRCICA\u2019n\u0131n ge\u00e7en k\u0131rk y\u0131l boyunca \u00e7e\u015fitli projeleri \u00e7er\u00e7evesinde inceledi\u011fi ve bu d\u00f6nemde yeni bir anlam kazanan konulardan baz\u0131lar\u0131: uluslararas\u0131 ve k\u00fclt\u00fcrler aras\u0131 ili\u015fkiler ve k\u00fclt\u00fcrel etkile\u015fimler; medeniyetler tarihinde ortak tecr\u00fcbeler ve ortak haf\u0131za; d\u00fcnyan\u0131n farkl\u0131 b\u00f6lgelerindeki k\u00fclt\u00fcrlerin d\u00fcnya medeniyetinin olu\u015fumundaki paylar\u0131, d\u00fcnyada ve \u00f6zellikle \u0130slam d\u00fcnyas\u0131nda bilim tarihi, t\u0131p ve toplum sa\u011fl\u0131\u011f\u0131 bilimlerinde ve di\u011fer alanlarda \u0130slam toplumlar\u0131n\u0131n d\u00fcnya medeniyetine katk\u0131lar\u0131, konular\u0131d\u0131r. Toplumlar aras\u0131 dayan\u0131\u015fmaya ve i\u015fbirli\u011fine hizmet edecek muhteva ta\u015f\u0131yan bu gibi konular\u0131 i\u00e7inde bulunulan d\u00f6nemin meseleleri bak\u0131m\u0131ndan faydal\u0131 ve gerekli olacak vurgularla ele almaktay\u0131z. Bu gayretimizin, d\u00fcnya \u00e7ap\u0131nda uluslararas\u0131 ve k\u00fclt\u00fcrler aras\u0131 ili\u015fkilerin insanl\u0131\u011f\u0131n m\u00fccadele etti\u011fi ortak tehdit kar\u015f\u0131s\u0131nda sa\u011flam ve samim\u00ee bir zeminde canlanmas\u0131na hizmet edece\u011fini umuyoruz. Ayr\u0131ca IRCICA\u2019n\u0131n \u00e7e\u015fitli projeleri \u00e7er\u00e7evesinde d\u00fczenledi\u011fimiz uluslararas\u0131 konferanslar, akademik projeler ve di\u011fer faaliyetler k\u00fcresel salg\u0131n sonras\u0131nda sosyal bilimlerde, \u00f6zellikle k\u00fclt\u00fcr tarihi ve k\u00fclt\u00fcrler aras\u0131 ili\u015fkiler alanlar\u0131nda ara\u015ft\u0131rmalar\u0131n kazanabilece\u011fi yeni y\u00f6nelimler \u00fczerine ufuk a\u00e7\u0131c\u0131 olacakt\u0131r.<\/p>\n<p>Bu \u00e7al\u0131\u015fmalar\u0131 y\u00fcr\u00fct\u00fcrken ileti\u015fim teknolojilerinden azam\u00ee \u00f6l\u00e7\u00fcde yararlanmaya \u00e7al\u0131\u015f\u0131yoruz; ara\u015ft\u0131rma b\u00f6l\u00fcmlerimizde mevcut olan veri bankalar\u0131, bilgi-belge, k\u00fct\u00fcphane ve ar\u015fiv birimlerimizin \u00e7al\u0131\u015fmalar\u0131 d\u00fczenli olarak devam etmektedir. Ayr\u0131ca belirli aral\u0131klarla d\u00fczenledi\u011fimiz paneller, at\u00f6lyeler ve e\u011fitim programlar\u0131 telekonferans sistemiyle ger\u00e7ekle\u015ftirilmektedir. 2020 y\u0131l\u0131 i\u00e7in planlanm\u0131\u015f bulunan, \u0130slam medeniyeti tarihi alan\u0131ndaki akademik toplant\u0131lar\u0131m\u0131z\u0131 telekonferans \u015feklinde d\u00fczenlemek i\u00e7in haz\u0131rl\u0131k yap\u0131yoruz. Bu arada IRCICA\u2019n\u0131n hat sanat\u0131 konusundaki e\u011fitim programlar\u0131 ayn\u0131 sistemle, \u00fc\u00e7 hat hocas\u0131n\u0131n verdikleri haftal\u0131k derslerle devam etmektedir. Hali haz\u0131rda 14 \u00fclkeden 25 \u00f6\u011frenci bu kurslara kat\u0131lmaktad\u0131r. Telekonferans imk\u00e2n\u0131yla ger\u00e7ekle\u015ftirdi\u011fimiz bu faaliyetlerin yan\u0131nda \u00e7e\u015fitli konulardaki yay\u0131nlar\u0131m\u0131z bas\u0131lmaya devam etmektedir. Geli\u015fmeler hakk\u0131nda bu sitemizde ve di\u011fer kanallarla duyurular yapmaktay\u0131z.<\/p>\n<p>Dile\u011fimiz \u015fudur ki uluslararas\u0131 toplum bu krizin \u00fcstesinden en k\u0131sa zamanda gelsin, her d\u00fczlemde a\u00e7t\u0131\u011f\u0131 yaralar\u0131 sars\u0131n ve D\u00fcnya hayat\u0131n\u0131 payla\u015fmada hak yolunda kar\u015f\u0131l\u0131kl\u0131 anlay\u0131\u015f\u0131 ve yard\u0131mla\u015fmay\u0131 sa\u011flayacak yeni dersleri bu imtihandan alabilsin.<\/p>\n","protected":false},"excerpt":{"rendered":"<p>D\u00fcnya \u00e7ap\u0131nda y\u00fcz binlerce can alan, toplum sa\u011fl\u0131\u011f\u0131na ve ekonomik hayata a\u011f\u0131r darbeler vuran koronavir\u00fcs salg\u0131n\u0131yla insanl\u0131k bug\u00fcn, tarihinin en a\u011f\u0131r k\u00fcresel krizlerinden birini ya\u015famaktad\u0131r. \u0130slam \u0130\u015fbirli\u011fi Te\u015fkilat\u0131\u2019n\u0131n (\u0130\u0130T) k\u00fclt\u00fcr&hellip;<\/p>\n","protected":false},"author":1,"featured_media":5339,"comment_status":"closed","ping_status":"closed","sticky":false,"template":"","format":"standard","meta":{"_acf_changed":false,"_mi_skip_tracking":false,"footnotes":""},"categories":[232],"tags":[],"cmcal_calendar":[],"class_list":["post-5208","post","type-post","status-publish","format-standard","has-post-thumbnail","hentry","category-konferans"],"acf":[],"aioseo_notices":[],"_links":{"self":[{"href":"https:\/\/www.ircica.org\/tr\/wp-json\/wp\/v2\/posts\/5208","targetHints":{"allow":["GET"]}}],"collection":[{"href":"https:\/\/www.ircica.org\/tr\/wp-json\/wp\/v2\/posts"}],"about":[{"href":"https:\/\/www.ircica.org\/tr\/wp-json\/wp\/v2\/types\/post"}],"author":[{"embeddable":true,"href":"https:\/\/www.ircica.org\/tr\/wp-json\/wp\/v2\/users\/1"}],"replies":[{"embeddable":true,"href":"https:\/\/www.ircica.org\/tr\/wp-json\/wp\/v2\/comments?post=5208"}],"version-history":[{"count":0,"href":"https:\/\/www.ircica.org\/tr\/wp-json\/wp\/v2\/posts\/5208\/revisions"}],"wp:featuredmedia":[{"embeddable":true,"href":"https:\/\/www.ircica.org\/tr\/wp-json\/wp\/v2\/media\/5339"}],"wp:attachment":[{"href":"https:\/\/www.ircica.org\/tr\/wp-json\/wp\/v2\/media?parent=5208"}],"wp:term":[{"taxonomy":"category","embeddable":true,"href":"https:\/\/www.ircica.org\/tr\/wp-json\/wp\/v2\/categories?post=5208"},{"taxonomy":"post_tag","embeddable":true,"href":"https:\/\/www.ircica.org\/tr\/wp-json\/wp\/v2\/tags?post=5208"},{"taxonomy":"cmcal_calendar","embeddable":true,"href":"https:\/\/www.ircica.org\/tr\/wp-json\/wp\/v2\/cmcal_calendar?post=5208"}],"curies":[{"name":"wp","href":"https:\/\/api.w.org\/{rel}","templated":true}]}}