{"id":5662,"date":"2020-06-17T00:31:29","date_gmt":"2020-06-16T21:31:29","guid":{"rendered":"https:\/\/www.ircica.org\/haberler\/ircica-genel-direktoru-prof-dr-halit-eren-islam-ulkeleri-kultur-bakanlarinin-krizler-covid-19-karsisinda-kultur-faaliyetlerinin-surdurulebilirligi-konulu-olaganustu-videokonferansta-bir-konusma-yapti"},"modified":"2022-02-07T11:08:13","modified_gmt":"2022-02-07T08:08:13","slug":"ircica-genel-direktoru-prof-dr-halit-eren-islam-ulkeleri-kultur-bakanlarinin-krizler-covid-19-karsisinda-kultur-faaliyetlerinin-surdurulebilirligi-konulu-olaganustu-videokonferansta-bir-konusma-yapti","status":"publish","type":"post","link":"https:\/\/www.ircica.org\/tr\/faaliyetler\/konferans\/ircica-genel-direktoru-prof-dr-halit-eren-islam-ulkeleri-kultur-bakanlarinin-krizler-covid-19-karsisinda-kultur-faaliyetlerinin-surdurulebilirligi-konulu-olaganustu-videokonferansta-bir-konusma-yapti","title":{"rendered":"IRCICA Genel Direkt\u00f6r\u00fc Prof. Dr. Halit Eren, \u0130slam \u00dclkeleri K\u00fclt\u00fcr Bakanlar\u0131n\u0131n \u201cKrizler (COVID-19) kar\u015f\u0131s\u0131nda k\u00fclt\u00fcr faaliyetlerinin s\u00fcrd\u00fcr\u00fclebilirli\u011fi\u201d konulu Ola\u011fan\u00fcst\u00fc Videokonferansta bir konu\u015fma yapt\u0131"},"content":{"rendered":"<p>IRCICA Genel Direkt\u00f6r\u00fc Prof. Dr. Halit Eren, \u0130slam \u00dclkeleri K\u00fclt\u00fcr Bakanlar\u0131n\u0131n \u201c<strong>Krizler (COVID-19) kar\u015f\u0131s\u0131nda k\u00fclt\u00fcr faaliyetlerinin s\u00fcrd\u00fcr\u00fclebilirli\u011fi<\/strong>\u201d konulu Ola\u011fan\u00fcst\u00fc Videokonferansta bir konu\u015fma yaparak k\u00fclt\u00fcr\u00fcn krizden en fazla etkilenen sekt\u00f6rlerden biri oldu\u011funu ama ayn\u0131 zamanda say\u0131s\u0131z faaliyet, temas ve k\u00fclt\u00fcrel al\u0131\u015fveri\u015fin uzaktan yap\u0131lmas\u0131na imkan vermesinden dolay\u0131 bu d\u00f6nemde daha da fazla \u00f6nem kazand\u0131\u011f\u0131n\u0131 belirtti. 17 Haziran 2020\u2019de toplanan konferansa 50 \u00fclke bakanlar\u0131 ve 22 uluslararas\u0131 kurulu\u015f kat\u0131ld\u0131. Konferans\u0131n ev sahipli\u011fini \u0130slam \u0130\u015fbirli\u011fi Te\u015fkilat\u0131\u2019n\u0131n (\u0130\u0130T) uzmanl\u0131k kurulu\u015flar\u0131ndan \u0130slam D\u00fcnyas\u0131 E\u011fitim, Bilim ve K\u00fclt\u00fcr Te\u015fkilat\u0131 ICESCO ve ba\u015fkanl\u0131\u011f\u0131n\u0131 Birle\u015fik Arap Emirlikleri K\u00fclt\u00fcr ve Bilgiyi Geli\u015ftirme Bakan\u0131 Bn. Noura Al Kaabi yapt\u0131.<\/p>\n<p>\u0130\u0130T Genel Sekreteri Dr. Yousef Al-Othaimeen konu\u015fmas\u0131nda COVID-19\u2019un k\u00fclt\u00fcr sahas\u0131ndaki etkilerine de\u011findi. \u201c\u0130\u0130T \u00fclkeleri pandemiyi durdurmak i\u00e7in tedbirler almaya ba\u015fla\u0131\u011f\u0131ndan beri k\u00fclt\u00fcr sekt\u00f6r\u00fc olumsuz etkilenmi\u015ftir\u201d dedi. ICESCO Genel Direkt\u00f6r\u00fc Dr. Salim M. Al Malik ise \u00e7e\u015fitli alanlarda g\u00f6r\u00fclen k\u00fcresel de\u011fi\u015fimler kar\u015f\u0131s\u0131nda \u0130slam \u00fclkelerinin k\u00fclt\u00fcrel ilerlemelerini m\u00fcreffeh bir gelece\u011fe ve g\u00fcvenli toplumlar yaratmaya y\u00f6neltmeleri gerekti\u011fini vurgulad\u0131. K\u00fclt\u00fcr Bakanlar\u0131 ve toplant\u0131ya kat\u0131lan uluslararas\u0131 ve b\u00f6lgesel kurulu\u015flar\u0131n ba\u015fkan ve temsilcileri gelece\u011fin toplumlar\u0131nda k\u00fclt\u00fcr\u00fcn konumunu kar\u015f\u0131la\u015fabilece\u011fi problemlere kar\u015f\u0131 koyabilecek \u015fekilde iyile\u015ftirmeyi, dijital k\u00fclt\u00fcr\u00fc desteklemeyi ve geli\u015ftirmeyi ve k\u00fclt\u00fcr miras\u0131n\u0131n \u00f6nemin hakk\u0131nda fark\u0131ndal\u0131\u011f\u0131 artt\u0131rmay\u0131 kararla\u015ft\u0131rd\u0131lar.<\/p>\n<p>Prof. Dr. Halit Eren konu\u015fmas\u0131nda, \u0130\u0130T \u00fcye \u00fclkeleri aras\u0131nda i\u015fbirli\u011fini geli\u015ftirmeyi ama\u00e7layan uluslararas\u0131 bir kurulu\u015f olarak IRCICA\u2019n\u0131n salg\u0131n\u0131n \u00fcye \u00fclkelerde ve t\u00fcm d\u00fcnyada akademik, e\u011fitim, sanat ve di\u011fer sekt\u00f6rlerdeki etkilerini yak\u0131ndan izledi\u011fini anlatt\u0131. IRCICA\u2019n\u0131n \u0130slam tarihi ve k\u00fclt\u00fcr miras\u0131 alanlar\u0131ndaki ara\u015ft\u0131rma projelerini, akademik konferanslar\u0131n\u0131 ve yay\u0131nlar\u0131n\u0131, \u0130slam klasik sanatlar\u0131 ve elsanatlar\u0131 \u00fczerine e\u011fitim programlar\u0131n\u0131 ve uluslararas\u0131 yar\u0131\u015fmalar\u0131n\u0131 devam ettirdi\u011fini, bu arada kendi \u00e7al\u0131\u015fma alanlar\u0131 i\u00e7inden salg\u0131nla ilgili meselelerde yararl\u0131 olabilecek konular\u0131 ve tarih\u00ee tecr\u00fcbeleri salg\u0131n d\u00f6neminde \u00f6n plana \u00e7\u0131kard\u0131\u011f\u0131n\u0131 belirtti.<\/p>\n<p>IRCICA Genel Direkt\u00f6r\u00fc IRCICA\u2019n\u0131n salg\u0131n d\u00f6nemindeki faaliyetlerinden \u00f6rnekler sayd\u0131. \u201cKrizin etkilerini anlamak ve onlarla ba\u015f etmek bak\u0131m\u0131ndan g\u00fcncel \u00f6nem ta\u015f\u0131yan konularda videokonferans dizileri ba\u015flatt\u0131k. Son d\u00f6nemdeki bu faaliyetlerimizden baz\u0131lar\u0131, \u201c\u0130slam d\u00fcnyas\u0131nda \u015fehircilik tarihi ve pandemi sonras\u0131 d\u00f6nem i\u00e7in tahminler\u201d konulu webinar (16 Haziran) ve \u201cTarihte d\u00f6n\u00fcm noktalar\u0131 ve pandeminin etkileri\u201d konulu webinar (20 May\u0131s). 20 Urban History of the Islamic World and Prospects for the Post-Pandemic Era\u201d (16 June), and the webinar on \u201cTurning points of history and effects of the pandemic\u201d (20 May). Ayn\u0131 zamanda, \u00d6zbekistan H\u00fck\u00fcmeti\u2019nin d\u00fczenledi\u011fi \u201cBuhara\u2019n\u0131n \u0130slam medeniyetindeki rol\u00fc ve katk\u0131lar\u0131\u201d konulu webinarda (28 May\u0131s) d\u00fczenleyicilerden biri olmaktan memnuniyet duyduk.\u201d dedi.<\/p>\n<p>Prof. Dr. Eren salg\u0131n\u0131n, mahiyeti gere\u011fi Internet \u00fczerinden y\u00fcr\u00fct\u00fclemeyecek olan bir\u00e7ok k\u00fclt\u00fcr sekt\u00f6r\u00fcn\u00fc sekteye u\u011fratt\u0131\u011f\u0131n\u0131, ama ayn\u0131 zamanda, k\u00fclt\u00fcr alan\u0131nda Internet \u00fczerinden yap\u0131labilecek say\u0131s\u0131z faaliyet bulundu\u011funun ortaya \u00e7\u0131kt\u0131\u011f\u0131n\u0131 anlatt\u0131. IRCICA\u2019n\u0131n bu d\u00f6nemdeki ama\u00e7lar\u0131 aras\u0131nda \u015funlar\u0131 sayd\u0131:<\/p>\n<ul>\n<li>IRCICA sanat eserleri, performanslar, abideler, m\u00fczeler ve k\u00fct\u00fcphanelerle do\u011frudan temas\u0131 gerektiren k\u00fclt\u00fcr faaliyetlerinin salg\u0131n s\u0131ras\u0131nda ve sonras\u0131nda s\u00fcrd\u00fcr\u00fclebilir \u015fekilde geli\u015ftirilmesi imkanlar\u0131n\u0131 ara\u015ft\u0131rmaktad\u0131r;<\/li>\n<li>IRCICA yakla\u015f\u0131k 40 y\u0131ldan beri d\u00fczenledi\u011fi k\u00fclt\u00fcr ve mimari miras\u0131 konusundaki e\u011fitim programlar\u0131n\u0131n kapsad\u0131\u011f\u0131 saha \u00e7al\u0131\u015fmalar\u0131n\u0131n yan\u0131na uzaktan y\u00fcr\u00fct\u00fclebilir \u015fekilde tasarlanm\u0131\u015f oturumlar\u0131 eklemek i\u00e7in \u00e7al\u0131\u015fmalar yapmaktad\u0131r;<\/li>\n<li>Ziyaretlerin ortadan kalkmas\u0131 veya k\u0131s\u0131tlanmas\u0131 sebebiyle ihmale, zarara ve soyguna maruz kalma riski artan k\u00fclt\u00fcr ve mimari miras\u0131 eserlerinin korunmas\u0131 i\u00e7in al\u0131nabilecek ek tedbirler geli\u015ftirmeye \u00e7al\u0131\u015fmaktad\u0131r.<\/li>\n<\/ul>\n<p>IRCICA Genel Direkt\u00f6r\u00fc Prof. Eren, \u0130slam d\u00fcnyas\u0131n\u0131n de\u011fi\u015fik b\u00f6lgelerindeki elyazmalar\u0131 koleksiyonlar\u0131n\u0131n korunmas\u0131na ve kayda ge\u00e7irilmesine y\u00f6nelik projelerinin devam etti\u011fini, \u015fimdiki durumda K\u0131rg\u0131zistan, Mali, \u00d6zbekistan ve Tacikistan ile i\u015fbirli\u011fi i\u00e7inde \u00e7al\u0131\u015fmalar s\u00fcrd\u00fcr\u00fcld\u00fc\u011f\u00fcn\u00fc belirtti. Merkezin Kud\u00fcs ve Filistin ile ilgili ar\u015fiv belgeleri \u00fczerindeki \u00e7al\u0131\u015fmalar\u0131n\u0131n devam etti\u011fini, bug\u00fcne kadar 40 cilt incelemenin yay\u0131nland\u0131\u011f\u0131n\u0131 anlatt\u0131. IRCICA\u2019n\u0131n Dijital K\u00fct\u00fcphanesinin 24 saat hizmeti s\u00fcrd\u00fcrd\u00fc\u011f\u00fcn\u00fc, muhtevas\u0131nda elyazmas\u0131 ve bas\u0131lm\u0131\u015f kitaplar\u0131n ve g\u00f6rsel-i\u015fitsel malzemenin bulundu\u011funu s\u00f6yledi. Bu k\u00fct\u00fcphanenin koleksiyonlar\u0131n muhtevas\u0131na g\u00f6re Kur\u2019an-\u0131 Kerim, hat sanat\u0131, haritalar, y\u0131ll\u0131klar, s\u00fcreli yay\u0131nlar, ve tarih\u00ee foto\u011fraflar gibi ba\u015fl\u0131klar alt\u0131nda d\u00fczenlendi\u011fini anlatt\u0131. Dijital k\u00fct\u00fcphanede bulunan malzeme aras\u0131nda \u0130slam d\u00fcnyas\u0131 tarihiyle ilgili olarak saray takvimleri, gazavatnameler, fetihnameler, ruznameler, salnameler, belli ba\u015fl\u0131 gazete ve mecmualar\u0131n tam koleksiyonlar\u0131 ile 70 bin tarih\u00ee foto\u011fraf\u0131 havi ar\u015fivlerin bulundu\u011funu a\u00e7\u0131klad\u0131.<\/p>\n<p>Prof. Dr. Eren konu\u015fmas\u0131n\u0131n sonunda ICESCO\u2019nun k\u00fclt\u00fcr alan\u0131ndaki inisiyatiflerini, \u00f6zellikle \u201cICESCO Dijital Evi\u201d ve \u201cUzaktan K\u00fclt\u00fcr\u201d projelerini ve sanatta yarat\u0131c\u0131l\u0131\u011f\u0131 destekleyici \u00f6d\u00fcllerini \u00f6vd\u00fc. Prof. Eren \u0130\u0130T \u00fcye \u00fclkelerinin k\u00fclt\u00fcr kurulu\u015flar\u0131na, yetkililerine ve bilim adamlar\u0131na IRCICA\u2019n\u0131n videokonferanslar\u0131na kat\u0131lmalar\u0131 i\u00e7in davetini tekrarlarken bilgi ve g\u00f6r\u00fc\u015flerin payla\u015f\u0131lmas\u0131n\u0131n salg\u0131n\u0131n olumsuz etkileriyle m\u00fccadelede \u0130slam d\u00fcnyas\u0131n\u0131n dayan\u0131\u015fmas\u0131n\u0131 g\u00fc\u00e7lendirece\u011fini vurgulad\u0131.<\/p>\n<p><a href=\"https:\/\/www.ircica.org\/wp-content\/uploads\/2020\/06\/director-general-prof-dr-halit-erens-address-at-the-extraordinary-virtual-conference-of-culture-ministers-of-oic-member-states-on-sustainability-of-cultural-action-in-the-face-of-crises-covid-19.jpg\" data-rel=\"penci-gallery-image-content\" ><img fetchpriority=\"high\" decoding=\"async\" class=\"aligncenter size-large wp-image-5659\" src=\"https:\/\/www.ircica.org\/wp-content\/uploads\/2020\/06\/director-general-prof-dr-halit-erens-address-at-the-extraordinary-virtual-conference-of-culture-ministers-of-oic-member-states-on-sustainability-of-cultural-action-in-the-face-of-crises-covid-19.jpg\" alt=\"\" width=\"1170\" height=\"766\" srcset=\"https:\/\/www.ircica.org\/wp-content\/uploads\/2020\/06\/director-general-prof-dr-halit-erens-address-at-the-extraordinary-virtual-conference-of-culture-ministers-of-oic-member-states-on-sustainability-of-cultural-action-in-the-face-of-crises-covid-19.jpg 780w, https:\/\/www.ircica.org\/wp-content\/uploads\/2020\/06\/director-general-prof-dr-halit-erens-address-at-the-extraordinary-virtual-conference-of-culture-ministers-of-oic-member-states-on-sustainability-of-cultural-action-in-the-face-of-crises-covid-19-375x246.jpg 375w, https:\/\/www.ircica.org\/wp-content\/uploads\/2020\/06\/director-general-prof-dr-halit-erens-address-at-the-extraordinary-virtual-conference-of-culture-ministers-of-oic-member-states-on-sustainability-of-cultural-action-in-the-face-of-crises-covid-19.jpg 1230w, https:\/\/www.ircica.org\/wp-content\/uploads\/2020\/06\/director-general-prof-dr-halit-erens-address-at-the-extraordinary-virtual-conference-of-culture-ministers-of-oic-member-states-on-sustainability-of-cultural-action-in-the-face-of-crises-covid-19.jpg 768w, https:\/\/www.ircica.org\/wp-content\/uploads\/2020\/06\/director-general-prof-dr-halit-erens-address-at-the-extraordinary-virtual-conference-of-culture-ministers-of-oic-member-states-on-sustainability-of-cultural-action-in-the-face-of-crises-covid-19.jpg 1536w, https:\/\/www.ircica.org\/wp-content\/uploads\/2020\/06\/director-general-prof-dr-halit-erens-address-at-the-extraordinary-virtual-conference-of-culture-ministers-of-oic-member-states-on-sustainability-of-cultural-action-in-the-face-of-crises-covid-19.jpg 1170w, https:\/\/www.ircica.org\/wp-content\/uploads\/2020\/06\/director-general-prof-dr-halit-erens-address-at-the-extraordinary-virtual-conference-of-culture-ministers-of-oic-member-states-on-sustainability-of-cultural-action-in-the-face-of-crises-covid-19.jpg 585w, https:\/\/www.ircica.org\/wp-content\/uploads\/2020\/06\/director-general-prof-dr-halit-erens-address-at-the-extraordinary-virtual-conference-of-culture-ministers-of-oic-member-states-on-sustainability-of-cultural-action-in-the-face-of-crises-covid-19.jpg 1920w\" sizes=\"(max-width: 1170px) 100vw, 1170px\" \/><\/a><\/p>\n","protected":false},"excerpt":{"rendered":"<p>IRCICA Genel Direkt\u00f6r\u00fc Prof. Dr. Halit Eren, \u0130slam \u00dclkeleri K\u00fclt\u00fcr Bakanlar\u0131n\u0131n \u201cKrizler (COVID-19) kar\u015f\u0131s\u0131nda k\u00fclt\u00fcr faaliyetlerinin s\u00fcrd\u00fcr\u00fclebilirli\u011fi\u201d konulu Ola\u011fan\u00fcst\u00fc Videokonferansta bir konu\u015fma yaparak k\u00fclt\u00fcr\u00fcn krizden en fazla etkilenen sekt\u00f6rlerden biri&hellip;<\/p>\n","protected":false},"author":1,"featured_media":5645,"comment_status":"closed","ping_status":"closed","sticky":false,"template":"","format":"standard","meta":{"_acf_changed":false,"_mi_skip_tracking":false,"footnotes":""},"categories":[232],"tags":[],"cmcal_calendar":[],"class_list":["post-5662","post","type-post","status-publish","format-standard","has-post-thumbnail","hentry","category-konferans"],"acf":[],"aioseo_notices":[],"_links":{"self":[{"href":"https:\/\/www.ircica.org\/tr\/wp-json\/wp\/v2\/posts\/5662","targetHints":{"allow":["GET"]}}],"collection":[{"href":"https:\/\/www.ircica.org\/tr\/wp-json\/wp\/v2\/posts"}],"about":[{"href":"https:\/\/www.ircica.org\/tr\/wp-json\/wp\/v2\/types\/post"}],"author":[{"embeddable":true,"href":"https:\/\/www.ircica.org\/tr\/wp-json\/wp\/v2\/users\/1"}],"replies":[{"embeddable":true,"href":"https:\/\/www.ircica.org\/tr\/wp-json\/wp\/v2\/comments?post=5662"}],"version-history":[{"count":0,"href":"https:\/\/www.ircica.org\/tr\/wp-json\/wp\/v2\/posts\/5662\/revisions"}],"wp:featuredmedia":[{"embeddable":true,"href":"https:\/\/www.ircica.org\/tr\/wp-json\/wp\/v2\/media\/5645"}],"wp:attachment":[{"href":"https:\/\/www.ircica.org\/tr\/wp-json\/wp\/v2\/media?parent=5662"}],"wp:term":[{"taxonomy":"category","embeddable":true,"href":"https:\/\/www.ircica.org\/tr\/wp-json\/wp\/v2\/categories?post=5662"},{"taxonomy":"post_tag","embeddable":true,"href":"https:\/\/www.ircica.org\/tr\/wp-json\/wp\/v2\/tags?post=5662"},{"taxonomy":"cmcal_calendar","embeddable":true,"href":"https:\/\/www.ircica.org\/tr\/wp-json\/wp\/v2\/cmcal_calendar?post=5662"}],"curies":[{"name":"wp","href":"https:\/\/api.w.org\/{rel}","templated":true}]}}