{"id":7012,"date":"2021-06-16T11:19:03","date_gmt":"2021-06-16T08:19:03","guid":{"rendered":"https:\/\/www.ircica.org\/haberler\/international-online-scientific-practical-symposium-on-the-maturidiyya-teaching-and-the-present"},"modified":"2022-01-11T13:47:35","modified_gmt":"2022-01-11T10:47:35","slug":"maturidilik-doktrini-ve-simdiki-zaman-uluslararasi-cevrimici-sempozyumu","status":"publish","type":"post","link":"https:\/\/www.ircica.org\/tr\/faaliyetler\/konferans\/maturidilik-doktrini-ve-simdiki-zaman-uluslararasi-cevrimici-sempozyumu","title":{"rendered":"\u201cMaturidilik Doktrini ve \u015eimdiki Zaman\u201d Uluslararas\u0131 \u00c7evrimi\u00e7i Sempozyumu"},"content":{"rendered":"<p>\u00d6zbekistan Uluslararas\u0131 \u0130slam Akademisi\u2019ne ba\u011fl\u0131 \u0130mam Maturidi Uluslararas\u0131 Bilimsel Ara\u015ft\u0131rma Merkezi taraf\u0131ndan d\u00fczenlenen \u201cMaturidilik Doktrini ve \u015eimdiki Zaman\u201d Uluslararas\u0131 \u00c7evrimi\u00e7i Sempozyumu 16 Haziran 2021\u2019de ger\u00e7ekle\u015ftirildi. Sempozyumun d\u00fczenlenmesinde akademik i\u015fbirli\u011fi sa\u011flayan kurumlardan biri IRCICA idi.<\/p>\n<p>Sempozyumda Afganistan, Almanya, Bosna-Hersek, Fransa, K\u0131rg\u0131zistan, Malezya, M\u0131s\u0131r, \u00d6zbekistan, Rusya, T\u00fcrkiye ve \u00dcrd\u00fcn\u2019\u00fcn e\u011fitim ve ara\u015ft\u0131rma kurumlar\u0131ndan kat\u0131lan uzmanlar taraf\u0131ndan 100\u2019den fazla tebli\u011f sunuldu. Sunulan \u00e7al\u0131\u015fmalarda Ebu Mansur el-Maturidi\u2019nin d\u00fc\u015f\u00fcnceleri ve \u00f6\u011fretisi \u00e7e\u015fitli a\u00e7\u0131lardan incelenerek g\u00fcn\u00fcm\u00fcz meselelerine yakla\u015f\u0131m i\u00e7in temel ba\u015fvuru kaynaklar\u0131 olarak ta\u015f\u0131d\u0131klar\u0131 anlama ve \u00f6neme de\u011finildi.<\/p>\n<p>Oturumlar\u0131 y\u00f6neten, \u0130mam Maturidi Ara\u015ft\u0131rma Merkezi Direkt\u00f6r\u00fc Dr. Davronbek Makhsudov sempozyumun ger\u00e7ekle\u015ftirilmesinde i\u015fbirli\u011fi sa\u011flayan kurumlara te\u015fekk\u00fcr etti. Bu kurumlar \u00d6zbekistan \u0130slam Medeniyeti Merkezi (Ta\u015fkent), \u0130mam Buhari Uluslararas\u0131 Bilimsel Ara\u015ft\u0131rma Merkezi (Semerkant), \u0130mam T\u0131rm\u0131zi Uluslararas\u0131 Bilimsel Ara\u015ft\u0131rma Merkezi (T\u0131rm\u0131z), IRCICA, el-Ezher \u00dcniversitesi (Kahire, M\u0131s\u0131r), Sel\u00e7uk \u00dcniversitesi (Konya), ICESCO (Rabat) ve Malezya \u0130slam Anlay\u0131\u015f\u0131 Merkezi (IKIM) idi.<\/p>\n<p>\u00d6zbekistan Uluslararas\u0131 \u0130slam Akademisi Rekt\u00f6r\u00fc Do\u00e7. Dr. Muzaffar Kamilov sempozyumu a\u00e7\u0131\u015f konu\u015fmas\u0131nda Maturidili\u011fin tarihteki ve g\u00fcn\u00fcm\u00fczdeki \u00f6nemini vurgulad\u0131 ve sempozyumun ama\u00e7lar\u0131n\u0131 a\u00e7\u0131klad\u0131. Ayn\u0131 oturumda a\u00e7\u0131\u015f ve tebrik konu\u015fmalar\u0131 yap\u0131ld\u0131. \u00d6zbekistan Cumhurba\u015fkan\u0131 Dan\u0131\u015fman\u0131 ve \u00d6zbekistan \u0130slam Medeniyeti Merkezi Direkt\u00f6r\u00fc Dr. \u015eoazim Minovarov \u00fclkesinin kalk\u0131nma hedefleri aras\u0131nda hem din\u00ee bilimlerin, hem de tabii bilimlerin \u00f6\u011fretiminin \u00f6ncelik ta\u015f\u0131d\u0131\u011f\u0131n\u0131 belirtti. Din\u00ee bilimler ba\u011flam\u0131nda \u0130mam Maturidi\u2019nin d\u00fc\u015f\u00fcnce miras\u0131n\u0131n, ak\u0131l ve itidal \u00fczerine d\u00fc\u015f\u00fcncelerinin muhafazas\u0131na ve \u00f6\u011fretilmesine \u00f6nem verildi\u011fini anlatt\u0131.<\/p>\n<p>\u00d6zbekistan M\u00fcsl\u00fcman \u0130daresi Ba\u015fkan Vekili M\u00fcft\u00fc Homidcon I\u015fmatbekov konu\u015fmas\u0131nda din\u00ee ilimler ara\u015ft\u0131rma ve e\u011fitimindeki geli\u015fmelerden s\u00f6z etti ve b\u00fcy\u00fck d\u00fc\u015f\u00fcn\u00fcrlerin miras\u0131 \u00fczerine \u00e7al\u0131\u015fan, \u00d6zbekistan Uluslararas\u0131 \u0130slam Akademisi\u2019nin \u0130mam Maturidi, Merkezi gibi kurumlar\u0131n bu alandaki rol\u00fcn\u00fcn alt\u0131n\u0131 \u00e7izdi.<\/p>\n<p>IRCICA Genel Direkt\u00f6r\u00fc B\u00fcy\u00fckel\u00e7i Prof. Dr. Mahmud Erol K\u0131l\u0131\u00e7 konu\u015fmas\u0131nda, \u0130mam Maturidi\u2019nin \u00f6\u011fretisinin d\u00fcnya toplumlar\u0131na anlatman\u0131n ve kavranmas\u0131n\u0131 sa\u011flaman\u0131n \u00f6nemini vurgulad\u0131 ve \u00d6zbekistan Uluslararas\u0131 \u0130slam Akademisi\u2019ne ba\u011fl\u0131 olarak kurulan \u0130mam Maturidi Merkezi\u2019nin bu y\u00f6ndeki kapsaml\u0131 faaliyetlerinin di\u011fer \u00fclkelerdeki ilgili kurumlar ve \u00e7evrelerce takdirle izlendi\u011fini s\u00f6yledi. \u0130mam Maturidi Merkezi ile IRCICA aras\u0131nda kurulmu\u015f bulunan i\u015fbirli\u011fine de\u011finen Prof. Dr. K\u0131l\u0131\u00e7 \u00a0\u00f6nde gelen \u0130slam d\u00fc\u015f\u00fcn\u00fcrlerinin ve alimlerinin eserlerine IRCICA\u2019n\u0131n ara\u015ft\u0131rma projeleri \u00e7er\u00e7evesinde verilen \u00f6neme i\u015faret etti. IRCICA\u2019n\u0131n \u00e7al\u0131\u015fmalar\u0131n\u0131n ve ayn\u0131 zamanda kendi akademik \u00e7al\u0131\u015fmalar\u0131n\u0131n tecr\u00fcbelerinin \u0131\u015f\u0131\u011f\u0131nda, b\u00fcy\u00fck d\u00fc\u015f\u00fcn\u00fcrlerin ve onlar\u0131n takip\u00e7ilerinin eserleri \u00fczerine uzmanl\u0131klar\u0131n, incelemeli yay\u0131nlar\u0131n ve e\u011fitim programlar\u0131n\u0131n desteklenmesinin ve yayg\u0131nla\u015ft\u0131r\u0131lmas\u0131n\u0131n faydal\u0131 olaca\u011f\u0131n\u0131 ifade etti. Prof. K\u0131l\u0131\u00e7 \u0130mam Maturidi Merkezi\u2019nin \u00e7e\u015fitli projeleriyle ve <em>Moturidiylik \u2013 The Maturidiyya<\/em> ba\u015fl\u0131kl\u0131 akademik dergisiyle bu y\u00f6nde \u00f6nemli katk\u0131lar yapmakta oldu\u011funu s\u00f6yledi.<\/p>\n<p>A\u00e7\u0131l\u0131\u015f oturumunda Malezya \u0130slam\u00ee Anlay\u0131\u015f Enstit\u00fcs\u00fc Genel M\u00fcd\u00fcr Yard\u0131mc\u0131s\u0131 Dr. Mohd. Zeydi bin Ismail, ICESCO Genel Direkt\u00f6r\u00fc Dr. Salim AlMalik ve Sel\u00e7uk \u00dcniversitesi Rekt\u00f6r\u00fc Prof. Dr. Metin Aksoy da konu\u015ftular. Bu oturum \u0130mam Maturidi Merkezi\u2019nin \u00e7al\u0131\u015fmalar\u0131n\u0131n ve yay\u0131nlar\u0131n\u0131n etrafl\u0131 tan\u0131t\u0131mlar\u0131yla tamamland\u0131.<\/p>\n<p>Sempozyumun bilimsel sunumlar\u0131 g\u00fcn boyunca \u00fc\u00e7 parallel oturumda devam etti. \u00dcniversiteler ve ara\u015ft\u0131rma merkezlerinden rekt\u00f6rler, rekt\u00f6r yard\u0131mc\u0131lar\u0131, \u00f6\u011fretim \u00fcyeleri, b\u00f6l\u00fcm ba\u015fkanlar\u0131 ve uzmanlar konunun \u00e7e\u015fitli y\u00f6nlerini inceleyen tebli\u011fler sundular. Ele al\u0131nan konulardan baz\u0131lar\u0131: Maturidiye\u2019nin ve \u0130mam Maturidi\u2019nin \u00f6\u011fretisinin \u00f6zellikleri, Maturidiye\u2019de ak\u0131l, bilgi, din, serbest irade, fazilet, vb. temel kavramlar\u0131n anlay\u0131\u015f\u0131, d\u00fcnyan\u0131n de\u011fi\u015fik b\u00f6lgelerinde \u0130mam Maturidi\u2019nin ve takip\u00e7ilerinin \u00f6\u011fretileri hakk\u0131ndaki incelemelerin ve e\u011fitimin durumu ve bu alandaki ilerlemeler, bu incelemeler i\u00e7in gerekli kaynaklar, vb. Oturumlar\u0131n ana temalar\u0131 \u015funlard\u0131:<\/p>\n<ul>\n<li>\u0130mam Maturidi ve Maturidiye: Maturidi alimlerin bu \u00f6\u011fretinin geli\u015fmesindeki rol\u00fc<\/li>\n<li>Maturidiye \u00f6\u011fretisinde \u0130tidal<\/li>\n<li>\u0130slam incelemeleri ve Maturidiye \u00fczerine incelemeler.<\/li>\n<\/ul>\n<p>IRCICA\u2019n\u0131n bu sempozyumun d\u00fczenlenmesine katk\u0131lar\u0131n\u0131 ger\u00e7ekle\u015ftiren, IRCICA Ara\u015ft\u0131rma ve Yay\u0131n B\u00f6l\u00fcm\u00fc Ba\u015fkan\u0131 Prof. Dr. Ashirbek Muminov ikinci oturumda \u201cBiyografik verilerin sosyal ve k\u00fclt\u00fcrel tarihe katk\u0131lar\u0131: Ebu Mansur Maturidi\u2019nin kabristan\u0131ndan kitabeler\u201d ba\u015fl\u0131kl\u0131 bir tebli\u011f sundu.<\/p>\n<p>\u0130mam Maturidi Uluslararas\u0131 Bilimsel Ara\u015ft\u0131rma Merkezi, \u00d6zbekistan Uluslararas\u0131 \u0130slam Akademisi \u00e7at\u0131s\u0131 alt\u0131nda 2020\u2019de kurulmu\u015ftu. IRCICA Genel Direkt\u00f6r\u00fc B\u00fcy\u00fckel\u00e7i Prof. Dr. Mahmud Erol K\u0131l\u0131\u00e7 bu merkezin <em>Moturidiylik \u2013 The Maturidiyya<\/em> adl\u0131 dergisinin Yay\u0131n Kurulu \u00fcyesidir. Merkez, IRCICA\u2019n\u0131n Orta Asya b\u00f6lgesinde konferanslar ve yay\u0131nlar alan\u0131onda i\u015fbirli\u011fi yapt\u0131\u011f\u0131 akademik kurumalr aras\u0131nda yer almaktad\u0131r.<\/p>\n<p><a href=\"https:\/\/www.ircica.org\/wp-content\/uploads\/2021\/06\/international-online-scientific-practical-symposium-on-the-maturidiyya-teaching-and-the-present-1.jpg\" data-rel=\"penci-gallery-image-content\" ><img fetchpriority=\"high\" decoding=\"async\" class=\"aligncenter size-large wp-image-7007\" src=\"https:\/\/www.ircica.org\/wp-content\/uploads\/2021\/06\/international-online-scientific-practical-symposium-on-the-maturidiyya-teaching-and-the-present-1-1230x770.jpg\" alt=\"\" width=\"1170\" height=\"732\" srcset=\"https:\/\/www.ircica.org\/wp-content\/uploads\/2021\/06\/international-online-scientific-practical-symposium-on-the-maturidiyya-teaching-and-the-present-1-1230x770.jpg 1230w, https:\/\/www.ircica.org\/wp-content\/uploads\/2021\/06\/international-online-scientific-practical-symposium-on-the-maturidiyya-teaching-and-the-present-1-780x488.jpg 780w, https:\/\/www.ircica.org\/wp-content\/uploads\/2021\/06\/international-online-scientific-practical-symposium-on-the-maturidiyya-teaching-and-the-present-1-585x366.jpg 585w, https:\/\/www.ircica.org\/wp-content\/uploads\/2021\/06\/international-online-scientific-practical-symposium-on-the-maturidiyya-teaching-and-the-present-1-768x481.jpg 768w, https:\/\/www.ircica.org\/wp-content\/uploads\/2021\/06\/international-online-scientific-practical-symposium-on-the-maturidiyya-teaching-and-the-present-1-1536x962.jpg 1536w, https:\/\/www.ircica.org\/wp-content\/uploads\/2021\/06\/international-online-scientific-practical-symposium-on-the-maturidiyya-teaching-and-the-present-1-1170x732.jpg 1170w, https:\/\/www.ircica.org\/wp-content\/uploads\/2021\/06\/international-online-scientific-practical-symposium-on-the-maturidiyya-teaching-and-the-present-1-375x235.jpg 375w, https:\/\/www.ircica.org\/wp-content\/uploads\/2021\/06\/international-online-scientific-practical-symposium-on-the-maturidiyya-teaching-and-the-present-1.jpg 1920w\" sizes=\"(max-width: 1170px) 100vw, 1170px\" \/><\/a><\/p>\n","protected":false},"excerpt":{"rendered":"<p>\u00d6zbekistan Uluslararas\u0131 \u0130slam Akademisi\u2019ne ba\u011fl\u0131 \u0130mam Maturidi Uluslararas\u0131 Bilimsel Ara\u015ft\u0131rma Merkezi taraf\u0131ndan d\u00fczenlenen \u201cMaturidilik Doktrini ve \u015eimdiki Zaman\u201d Uluslararas\u0131 \u00c7evrimi\u00e7i Sempozyumu 16 Haziran 2021\u2019de ger\u00e7ekle\u015ftirildi. Sempozyumun d\u00fczenlenmesinde akademik i\u015fbirli\u011fi sa\u011flayan&hellip;<\/p>\n","protected":false},"author":1,"featured_media":7006,"comment_status":"closed","ping_status":"closed","sticky":false,"template":"","format":"standard","meta":{"_acf_changed":false,"_mi_skip_tracking":false,"footnotes":""},"categories":[232],"tags":[],"cmcal_calendar":[],"class_list":["post-7012","post","type-post","status-publish","format-standard","has-post-thumbnail","hentry","category-konferans"],"acf":[],"aioseo_notices":[],"_links":{"self":[{"href":"https:\/\/www.ircica.org\/tr\/wp-json\/wp\/v2\/posts\/7012","targetHints":{"allow":["GET"]}}],"collection":[{"href":"https:\/\/www.ircica.org\/tr\/wp-json\/wp\/v2\/posts"}],"about":[{"href":"https:\/\/www.ircica.org\/tr\/wp-json\/wp\/v2\/types\/post"}],"author":[{"embeddable":true,"href":"https:\/\/www.ircica.org\/tr\/wp-json\/wp\/v2\/users\/1"}],"replies":[{"embeddable":true,"href":"https:\/\/www.ircica.org\/tr\/wp-json\/wp\/v2\/comments?post=7012"}],"version-history":[{"count":0,"href":"https:\/\/www.ircica.org\/tr\/wp-json\/wp\/v2\/posts\/7012\/revisions"}],"wp:featuredmedia":[{"embeddable":true,"href":"https:\/\/www.ircica.org\/tr\/wp-json\/wp\/v2\/media\/7006"}],"wp:attachment":[{"href":"https:\/\/www.ircica.org\/tr\/wp-json\/wp\/v2\/media?parent=7012"}],"wp:term":[{"taxonomy":"category","embeddable":true,"href":"https:\/\/www.ircica.org\/tr\/wp-json\/wp\/v2\/categories?post=7012"},{"taxonomy":"post_tag","embeddable":true,"href":"https:\/\/www.ircica.org\/tr\/wp-json\/wp\/v2\/tags?post=7012"},{"taxonomy":"cmcal_calendar","embeddable":true,"href":"https:\/\/www.ircica.org\/tr\/wp-json\/wp\/v2\/cmcal_calendar?post=7012"}],"curies":[{"name":"wp","href":"https:\/\/api.w.org\/{rel}","templated":true}]}}