{"id":8669,"date":"2021-09-27T18:26:09","date_gmt":"2021-09-27T15:26:09","guid":{"rendered":"https:\/\/www.ircica.org\/haberler\/governor-of-istanbul-mr-ali-yerlikayas-visit-to-ircica-director-general"},"modified":"2022-01-11T13:14:14","modified_gmt":"2022-01-11T10:14:14","slug":"istanbul-valisi-sayin-ali-yerlikayanin-ircica-genel-direktorunu-ziyareti","status":"publish","type":"post","link":"https:\/\/www.ircica.org\/tr\/faaliyetler\/toplantilar-ve-ziyaretler\/istanbul-valisi-sayin-ali-yerlikayanin-ircica-genel-direktorunu-ziyareti","title":{"rendered":"\u0130stanbul Valisi Say\u0131n Ali Yerlikaya&#8217;n\u0131n IRCICA Genel Direkt\u00f6r\u00fc&#8217;n\u00fc  ziyareti"},"content":{"rendered":"<p>\u0130stanbul Valisi Say\u0131n Ali Yerlikaya, IRCICA Genel Direkt\u00f6r\u00fc B\u00fcy\u00fckel\u00e7i Prof. Dr. Mahmud Erol K\u0131l\u0131\u00e7\u2019a g\u00f6reve ba\u015flamas\u0131 vesilesiyle\u00a027 Eyl\u00fcl 2021&#8217;de\u00a0tebrik ziyareti ve\u00a0iade-i ziyarette\u00a0bulundu.<\/p>\n","protected":false},"excerpt":{"rendered":"<p>\u0130stanbul Valisi Say\u0131n Ali Yerlikaya, IRCICA Genel Direkt\u00f6r\u00fc B\u00fcy\u00fckel\u00e7i Prof. Dr. Mahmud Erol K\u0131l\u0131\u00e7\u2019a g\u00f6reve ba\u015flamas\u0131 vesilesiyle\u00a027 Eyl\u00fcl 2021&#8217;de\u00a0tebrik ziyareti ve\u00a0iade-i ziyarette\u00a0bulundu.<\/p>\n","protected":false},"author":1,"featured_media":8668,"comment_status":"closed","ping_status":"closed","sticky":false,"template":"","format":"standard","meta":{"_acf_changed":false,"_mi_skip_tracking":false,"footnotes":""},"categories":[242],"tags":[],"cmcal_calendar":[],"class_list":["post-8669","post","type-post","status-publish","format-standard","has-post-thumbnail","hentry","category-toplantilar-ve-ziyaretler"],"acf":[],"aioseo_notices":[],"_links":{"self":[{"href":"https:\/\/www.ircica.org\/tr\/wp-json\/wp\/v2\/posts\/8669","targetHints":{"allow":["GET"]}}],"collection":[{"href":"https:\/\/www.ircica.org\/tr\/wp-json\/wp\/v2\/posts"}],"about":[{"href":"https:\/\/www.ircica.org\/tr\/wp-json\/wp\/v2\/types\/post"}],"author":[{"embeddable":true,"href":"https:\/\/www.ircica.org\/tr\/wp-json\/wp\/v2\/users\/1"}],"replies":[{"embeddable":true,"href":"https:\/\/www.ircica.org\/tr\/wp-json\/wp\/v2\/comments?post=8669"}],"version-history":[{"count":0,"href":"https:\/\/www.ircica.org\/tr\/wp-json\/wp\/v2\/posts\/8669\/revisions"}],"wp:featuredmedia":[{"embeddable":true,"href":"https:\/\/www.ircica.org\/tr\/wp-json\/wp\/v2\/media\/8668"}],"wp:attachment":[{"href":"https:\/\/www.ircica.org\/tr\/wp-json\/wp\/v2\/media?parent=8669"}],"wp:term":[{"taxonomy":"category","embeddable":true,"href":"https:\/\/www.ircica.org\/tr\/wp-json\/wp\/v2\/categories?post=8669"},{"taxonomy":"post_tag","embeddable":true,"href":"https:\/\/www.ircica.org\/tr\/wp-json\/wp\/v2\/tags?post=8669"},{"taxonomy":"cmcal_calendar","embeddable":true,"href":"https:\/\/www.ircica.org\/tr\/wp-json\/wp\/v2\/cmcal_calendar?post=8669"}],"curies":[{"name":"wp","href":"https:\/\/api.w.org\/{rel}","templated":true}]}}